{"id":21679,"date":"2023-05-18T15:12:25","date_gmt":"2023-05-18T13:12:25","guid":{"rendered":"https:\/\/dev.visitrijeka.com.hr\/?p=21679"},"modified":"2023-05-18T15:37:01","modified_gmt":"2023-05-18T13:37:01","slug":"stadtturm","status":"publish","type":"post","link":"https:\/\/dev.visitrijeka.com.hr\/de\/stadtturm\/","title":{"rendered":"Stadtturm"},"content":{"rendered":"<p><div class=\"fusion-fullwidth fullwidth-box fusion-builder-row-1 fusion-flex-container has-pattern-background has-mask-background nonhundred-percent-fullwidth non-hundred-percent-height-scrolling\" style=\"--awb-border-radius-top-left:0px;--awb-border-radius-top-right:0px;--awb-border-radius-bottom-right:0px;--awb-border-radius-bottom-left:0px;--awb-padding-top:0px;--awb-padding-right:0px;--awb-padding-bottom:0px;--awb-padding-left:0px;--awb-margin-top:-140px;--awb-flex-wrap:wrap;\" ><div class=\"fusion-builder-row fusion-row fusion-flex-align-items-flex-start fusion-flex-justify-content-center fusion-flex-content-wrap\" style=\"max-width:1414.4px;margin-left: calc(-4% \/ 2 );margin-right: calc(-4% \/ 2 );\"><div class=\"fusion-layout-column fusion_builder_column fusion-builder-column-0 fusion_builder_column_1_6 1_6 fusion-flex-column fusion-flex-align-self-flex-start id-21679\" style=\"--awb-padding-top:0px;--awb-padding-right:0px;--awb-padding-bottom:0px;--awb-padding-left:0px;--awb-bg-color:rgba(255,255,255,0);--awb-bg-color-hover:rgba(255,255,255,0);--awb-bg-size:cover;--awb-border-color:#c1c1c1;--awb-border-style:solid;--awb-width-large:16.666666666667%;--awb-margin-top-large:0px;--awb-spacing-right-large:5px;--awb-margin-bottom-large:0px;--awb-spacing-left-large:5px;--awb-width-medium:16.666666666667%;--awb-order-medium:0;--awb-spacing-right-medium:5px;--awb-spacing-left-medium:5px;--awb-width-small:100%;--awb-order-small:0;--awb-spacing-right-small:1.92%;--awb-spacing-left-small:1.92%;\" data-scroll-devices=\"small-visibility,medium-visibility,large-visibility\"><div class=\"fusion-column-wrapper fusion-column-has-shadow fusion-flex-justify-content-flex-start fusion-content-layout-column\"><div class=\"fusion-text fusion-text-1\">    <div class=\"post-categories-grid\">\n        <\/div>\n    \n<\/div><\/div><\/div><div class=\"fusion-layout-column fusion_builder_column fusion-builder-column-1 fusion-flex-column fusion-flex-align-self-flex-start id-21679\" style=\"--awb-padding-top:0px;--awb-padding-right:0px;--awb-padding-bottom:0px;--awb-padding-left:0px;--awb-bg-size:cover;--awb-width-large:68%;--awb-margin-top-large:0px;--awb-spacing-right-large:0px;--awb-margin-bottom-large:0px;--awb-spacing-left-large:0px;--awb-width-medium:68%;--awb-order-medium:0;--awb-spacing-right-medium:0px;--awb-spacing-left-medium:0px;--awb-width-small:100%;--awb-order-small:0;--awb-spacing-right-small:1.92%;--awb-spacing-left-small:1.92%;\" data-scroll-devices=\"small-visibility,medium-visibility,large-visibility\"><div class=\"fusion-column-wrapper fusion-column-has-shadow fusion-flex-justify-content-flex-start fusion-content-layout-column\"><\/div><\/div><div class=\"fusion-layout-column fusion_builder_column fusion-builder-column-2 fusion-flex-column fusion-flex-align-self-flex-start layout_smjestaj_istrazi id-21679\" style=\"--awb-padding-top:0px;--awb-padding-right:0px;--awb-padding-bottom:0px;--awb-padding-left:0px;--awb-padding-right-small:15px;--awb-padding-left-small:15px;--awb-bg-size:cover;--awb-width-large:15%;--awb-margin-top-large:0px;--awb-spacing-right-large:0px;--awb-margin-bottom-large:0px;--awb-spacing-left-large:0px;--awb-width-medium:15%;--awb-order-medium:0;--awb-spacing-right-medium:0px;--awb-spacing-left-medium:0px;--awb-width-small:100%;--awb-order-small:0;--awb-spacing-right-small:1.92%;--awb-spacing-left-small:1.92%;\" data-scroll-devices=\"small-visibility,medium-visibility,large-visibility\"><div class=\"fusion-column-wrapper fusion-column-has-shadow fusion-flex-justify-content-flex-start fusion-content-layout-column\"><div class=\"fusion-separator fusion-full-width-sep\" style=\"align-self: center;margin-left: auto;margin-right: auto;margin-top:10px;width:100%;\"><\/div><div class=\"fusion-separator fusion-no-medium-visibility fusion-no-large-visibility fusion-full-width-sep\" style=\"align-self: center;margin-left: auto;margin-right: auto;margin-top:30px;width:100%;\"><\/div><div class=\"fusion-text fusion-text-2\">     <ul style=\"--awb-size:20px;--awb-margin-top:0px;--awb-margin-right:0px;--awb-margin-bottom:0px;--awb-margin-left:0px;--awb-item-padding-top:0px;--awb-item-padding-right:0px;--awb-item-padding-bottom:0px;--awb-item-padding-left:0px;--awb-line-height:34px;--awb-icon-width:34px;--awb-icon-height:34px;--awb-icon-margin:14px;--awb-content-margin:48px;\" class=\"fusion-checklist fusion-checklist-1 type-icons\">\n         <li class=\"fusion-li-item\" style=\"\">\n            <span class=\"icon-wrapper circle-no\">\n                <i class=\"fusion-li-icon icon-Plava_Visitrijeka\" aria-hidden=\"true\"><\/i>\n            <\/span>\n            <div class=\"fusion-li-item-content\">\n                <h3><strong>entdecke.<\/strong><\/h3>\n            <\/div>\n        <\/li>\n    <\/ul>\n    \n<\/div><\/div><\/div><\/div><\/div>\n<div class=\"fusion-fullwidth fullwidth-box fusion-builder-row-2 fusion-flex-container has-pattern-background has-mask-background nonhundred-percent-fullwidth non-hundred-percent-height-scrolling\" style=\"--awb-border-radius-top-left:0px;--awb-border-radius-top-right:0px;--awb-border-radius-bottom-right:0px;--awb-border-radius-bottom-left:0px;--awb-padding-right-small:15px;--awb-padding-left-small:15px;--awb-margin-top:0px;--awb-flex-wrap:wrap;\" ><div class=\"fusion-builder-row fusion-row fusion-flex-align-items-flex-start fusion-flex-justify-content-center fusion-flex-content-wrap\" style=\"max-width:1414.4px;margin-left: calc(-4% \/ 2 );margin-right: calc(-4% \/ 2 );\"><div class=\"fusion-layout-column fusion_builder_column fusion-builder-column-3 fusion_builder_column_1_3 1_3 fusion-flex-column layout_smjestaj_podaciizbaze id-21679\" style=\"--awb-padding-top:40px;--awb-padding-right:20px;--awb-padding-bottom:40px;--awb-padding-left:20px;--awb-padding-top-small:20px;--awb-padding-right-small:20px;--awb-padding-bottom-small:20px;--awb-padding-left-small:20px;--awb-overflow:hidden;--awb-bg-size:cover;--awb-box-shadow:5px 5px 19px 2px var(--awb-color2);;--awb-border-color:var(--awb-color3);--awb-border-top:1px;--awb-border-right:1px;--awb-border-bottom:1px;--awb-border-left:1px;--awb-border-style:solid;--awb-border-radius:10px 10px 10px 10px;--awb-width-large:33.333333333333%;--awb-margin-top-large:100px;--awb-spacing-right-large:5.76%;--awb-margin-bottom-large:0px;--awb-spacing-left-large:5.76%;--awb-width-medium:33.333333333333%;--awb-order-medium:0;--awb-spacing-right-medium:5.76%;--awb-spacing-left-medium:5.76%;--awb-width-small:100%;--awb-order-small:3;--awb-margin-top-small:0;--awb-spacing-right-small:1.92%;--awb-spacing-left-small:1.92%;\"><div class=\"fusion-column-wrapper fusion-column-has-shadow fusion-flex-justify-content-flex-start fusion-content-layout-column\"><ul style=\"--awb-line-height:25.5px;--awb-icon-width:25.5px;--awb-icon-height:25.5px;--awb-icon-margin:10.5px;--awb-content-margin:36px;\" class=\"fusion-checklist fusion-checklist-1 fusion-checklist-default type-icons\"><li class=\"fusion-li-item\" style=\"\"><span class=\"icon-wrapper circle-no\"><i class=\"fusion-li-icon fa-angle-right fas\" aria-hidden=\"true\"><\/i><\/span><div class=\"fusion-li-item-content\"><span class=\"objekt-meta adresa\">Trg Rije\u010dke rezolucije, 51000 Rijeka<\/span><\/div><\/li><li class=\"fusion-li-item\" style=\"\"><span class=\"icon-wrapper circle-no\"><i class=\"fusion-li-icon fa-angle-right fas\" aria-hidden=\"true\"><\/i><\/span><div class=\"fusion-li-item-content\">\n\n<\/div><\/li><li class=\"fusion-li-item\" style=\"\"><span class=\"icon-wrapper circle-no\"><i class=\"fusion-li-icon fa-angle-right fas\" aria-hidden=\"true\"><\/i><\/span><div class=\"fusion-li-item-content\"><\/div><\/li><li class=\"fusion-li-item\" style=\"\"><span class=\"icon-wrapper circle-no\"><i class=\"fusion-li-icon fa-angle-right fas\" aria-hidden=\"true\"><\/i><\/span><div class=\"fusion-li-item-content\"><\/div><\/li><\/ul><\/div><\/div><div class=\"fusion-layout-column fusion_builder_column fusion-builder-column-4 fusion_builder_column_2_3 2_3 fusion-flex-column privitak_sa_ikonom slovoodlomka_veliko id-21679\" style=\"--awb-bg-size:cover;--awb-width-large:66.666666666667%;--awb-margin-top-large:0px;--awb-spacing-right-large:2.88%;--awb-margin-bottom-large:0px;--awb-spacing-left-large:2.88%;--awb-width-medium:66.666666666667%;--awb-order-medium:0;--awb-spacing-right-medium:2.88%;--awb-spacing-left-medium:2.88%;--awb-width-small:100%;--awb-order-small:2;--awb-spacing-right-small:1.92%;--awb-spacing-left-small:1.92%;\"><div class=\"fusion-column-wrapper fusion-column-has-shadow fusion-flex-justify-content-flex-start fusion-content-layout-column\"><div class=\"fusion-text fusion-text-3\"><p>Der Stadtturm,<i> <\/i>eines der Wahrzeichen von Rijeka,<i> <\/i>stellte urspr\u00fcnglich einen typischen Durchgangsturm dar, durch den man in die befestigte Stadt gelangte. Er schafft es auch heute noch, den mittleren Teil der <i>Fu\u00dfg\u00e4ngerzone (Korzo) <\/i>zu<i> <\/i>dominieren<i>,<\/i> obwohl er mit der Zeit von vielen, sp\u00e4teren Bauten, \u00fcbertrumpft wurde. Erbaut wurde er im Mittelalter, h\u00f6chstwahrscheinlich auf den Fundamenten der sp\u00e4tantiken, st\u00e4dtischen Meerestore. Am unteren Teil der Turmfassade sind heute einige seiner barocken Phasen sichtbar, welche durch die reiche architektonische Plastik des Portals, das in Stein gemei\u00dfelte kaiserliche Wappen und das Relief der \u00f6sterreichischen Kaiser Leopold und Karl VI. gekennzeichnet sind. Rijeka hat diese, aufgrund der Meeresorientierung, welche sie in die staatliche Politik des \u00f6sterreichischen Hofes eingebracht haben, besonders gefeiert. Der Oberbau des Turms, auf welchem sich bereits seit dem XVII. Jahrhundert die st\u00e4dtische Uhr befindet, wurde mehrmals umgestaltet, signifikanter am \u00dcbergang des XVIII. in das XIX. Jahrhundert unter der Leitung des st\u00e4dtischen Ingenieurs A. Gnamb und letztmalig Ende des XIX. Jahrhunderts anhand des Projekts von F. Bazarig.<span class=\"Apple-converted-space\">\u00a0<\/span><\/p>\n<p>Das Wappen von Rijeka ist in einem hohen Relief unter der Uhr des Stadtturms geformt. Der Kaiser Leopold I. von Habsburg hat dieses Rijeka im Jahr 1659 zugeteilt. Der Adler von Rijeka hat in der offiziellen Verbindung damals den traditionellen mittelalterlichen Schutzpatron der Stadt, den Hl. Vid, abgel\u00f6st. Die K\u00f6pfe des zweik\u00f6pfigen Adlers von Rijeka schauen, heraldisch ungew\u00f6hnlich, in die gleiche Richtung. Der Adler h\u00e4lt mit den Krallen die Urne fest, aus welcher ein unversiegbarer Wasserstrahl flie\u00dft, welcher die unersch\u00f6pfliche Treue der Stadt, dem \u00f6sterreichischen Kaiser gegen\u00fcber, symbolisieren sollte. Diese \u201eUnversiegbarkeit\u201c sollte ,als verbindender Teil des Wappens, auch die Devise INDEFICIENTER (unversiegbar, unersch\u00f6pflich), f\u00fcr diesen Anlass auf Neu-Lateinisch eingepr\u00e4gt, best\u00e4tigen. <span class=\"Apple-converted-space\">\u00a0<\/span><\/p>\n<p>Die Skulptur des zweik\u00f6pfigen Adlers von Rijeka befand sich einst auch auf der Spitze der<span class=\"Apple-converted-space\">\u00a0 <\/span>Turmkuppel. Nach dem Ersten Weltkrieg haben ihm italienische Soldaten einen Kopf abgehackt, damit er weniger dem \u00f6sterreichischen und mehr dem r\u00f6mischen Adler \u00e4hnelt und g\u00e4nzlich wurde er nach dem Zweiten Weltkrieg entfernt. An den Seiten des Stadtturms wurden fr\u00fchklassizistische Pal\u00e4ste dazugebaut, deren Bau Ende des XVIII. Jahrhunderts begann, gleich nach dem Abriss der st\u00e4dtischen Mauern, welchen der Kaiser Joseph II. genehmigte. Im Durchgang, welcher unter dem Turm zur <i>Altstadt<\/i> von Rijeka f\u00fchrt und einst das Haupttor der ummauerten Stadt darstellte, welches nat\u00fcrlich nachts geschlossen wurde, sind erinnernde Inschriften und das Zeichen des Steinmetzes, eines mittelalterlichen, gotischen Handwerkers\/Baumeisters, erhalten.<span class=\"Apple-converted-space\">\u00a0<\/span><\/p>\n<\/div><\/div><\/div><\/div><\/div><div class=\"fusion-fullwidth fullwidth-box fusion-builder-row-3 fusion-flex-container has-pattern-background has-mask-background nonhundred-percent-fullwidth non-hundred-percent-height-scrolling\" style=\"--awb-border-radius-top-left:0px;--awb-border-radius-top-right:0px;--awb-border-radius-bottom-right:0px;--awb-border-radius-bottom-left:0px;--awb-margin-top:0px;--awb-flex-wrap:wrap;\" ><div class=\"fusion-builder-row fusion-row fusion-flex-align-items-flex-start fusion-flex-justify-content-center fusion-flex-content-wrap\" style=\"max-width:1414.4px;margin-left: calc(-4% \/ 2 );margin-right: calc(-4% \/ 2 );\"><div class=\"fusion-layout-column fusion_builder_column fusion-builder-column-5 fusion_builder_column_1_1 1_1 fusion-flex-column privitak_sa_ikonom id-21679\" style=\"--awb-bg-size:cover;--awb-width-large:100%;--awb-margin-top-large:0px;--awb-spacing-right-large:1.92%;--awb-margin-bottom-large:0px;--awb-spacing-left-large:1.92%;--awb-width-medium:100%;--awb-order-medium:0;--awb-spacing-right-medium:1.92%;--awb-spacing-left-medium:1.92%;--awb-width-small:100%;--awb-order-small:0;--awb-spacing-right-small:1.92%;--awb-spacing-left-small:1.92%;\"><div class=\"fusion-column-wrapper fusion-column-has-shadow fusion-flex-justify-content-flex-start fusion-content-layout-column\"><div class=\"fusion-text fusion-text-4\" style=\"--awb-margin-top:25px;\"><\/div><\/div><\/div><\/div><\/div><\/p>\n","protected":false},"excerpt":{"rendered":"","protected":false},"author":3,"featured_media":21674,"comment_status":"open","ping_status":"open","sticky":false,"template":"","format":"standard","meta":{"_acf_changed":false,"inline_featured_image":false,"footnotes":""},"categories":[233,225],"tags":[],"class_list":["post-21679","post","type-post","status-publish","format-standard","has-post-thumbnail","hentry","category-sehenswurdigkeiten","category-stadt"],"acf":[],"yoast_head":"<!-- This site is optimized with the Yoast SEO plugin v25.7 - https:\/\/yoast.com\/wordpress\/plugins\/seo\/ -->\n<title>Stadtturm - Visit Rijeka<\/title>\n<meta name=\"robots\" content=\"index, follow, max-snippet:-1, max-image-preview:large, max-video-preview:-1\" \/>\n<link rel=\"canonical\" href=\"https:\/\/dev.visitrijeka.com.hr\/de\/stadtturm\/\" \/>\n<meta property=\"og:locale\" content=\"de_DE\" \/>\n<meta property=\"og:type\" content=\"article\" \/>\n<meta property=\"og:title\" content=\"Stadtturm - Visit Rijeka\" \/>\n<meta property=\"og:url\" content=\"https:\/\/dev.visitrijeka.com.hr\/de\/stadtturm\/\" \/>\n<meta property=\"og:site_name\" content=\"Visit Rijeka\" \/>\n<meta property=\"article:publisher\" content=\"https:\/\/www.facebook.com\/VisitRijeka\" \/>\n<meta property=\"article:published_time\" content=\"2023-05-18T13:12:25+00:00\" \/>\n<meta property=\"article:modified_time\" content=\"2023-05-18T13:37:01+00:00\" \/>\n<meta property=\"og:image\" content=\"https:\/\/dev.visitrijeka.com.hr\/wp-content\/uploads\/2023\/05\/Gradska-ura-2.jpg\" \/>\n\t<meta property=\"og:image:width\" content=\"1080\" \/>\n\t<meta property=\"og:image:height\" content=\"810\" \/>\n\t<meta property=\"og:image:type\" content=\"image\/jpeg\" \/>\n<meta name=\"author\" content=\"SWA Objave\" \/>\n<meta name=\"twitter:card\" content=\"summary_large_image\" \/>\n<meta name=\"twitter:label1\" content=\"Verfasst von\" \/>\n\t<meta name=\"twitter:data1\" content=\"SWA Objave\" \/>\n\t<meta name=\"twitter:label2\" content=\"Gesch\u00e4tzte Lesezeit\" \/>\n\t<meta name=\"twitter:data2\" content=\"9\u00a0Minuten\" \/>\n<script type=\"application\/ld+json\" class=\"yoast-schema-graph\">{\"@context\":\"https:\/\/schema.org\",\"@graph\":[{\"@type\":\"Article\",\"@id\":\"https:\/\/dev.visitrijeka.com.hr\/de\/stadtturm\/#article\",\"isPartOf\":{\"@id\":\"https:\/\/dev.visitrijeka.com.hr\/de\/stadtturm\/\"},\"author\":{\"name\":\"SWA Objave\",\"@id\":\"https:\/\/dev.visitrijeka.com.hr\/it\/#\/schema\/person\/88920e99a8f2312c7cc0cf75192bf9b7\"},\"headline\":\"Stadtturm\",\"datePublished\":\"2023-05-18T13:12:25+00:00\",\"dateModified\":\"2023-05-18T13:37:01+00:00\",\"mainEntityOfPage\":{\"@id\":\"https:\/\/dev.visitrijeka.com.hr\/de\/stadtturm\/\"},\"wordCount\":1821,\"commentCount\":0,\"publisher\":{\"@id\":\"https:\/\/dev.visitrijeka.com.hr\/it\/#organization\"},\"image\":{\"@id\":\"https:\/\/dev.visitrijeka.com.hr\/de\/stadtturm\/#primaryimage\"},\"thumbnailUrl\":\"https:\/\/dev.visitrijeka.com.hr\/wp-content\/uploads\/2023\/05\/Gradska-ura-2.jpg\",\"articleSection\":[\"Sehensw\u00fcrdigkeiten\",\"Stadt\"],\"inLanguage\":\"de\",\"potentialAction\":[{\"@type\":\"CommentAction\",\"name\":\"Comment\",\"target\":[\"https:\/\/dev.visitrijeka.com.hr\/de\/stadtturm\/#respond\"]}]},{\"@type\":\"WebPage\",\"@id\":\"https:\/\/dev.visitrijeka.com.hr\/de\/stadtturm\/\",\"url\":\"https:\/\/dev.visitrijeka.com.hr\/de\/stadtturm\/\",\"name\":\"Stadtturm - Visit Rijeka\",\"isPartOf\":{\"@id\":\"https:\/\/dev.visitrijeka.com.hr\/it\/#website\"},\"primaryImageOfPage\":{\"@id\":\"https:\/\/dev.visitrijeka.com.hr\/de\/stadtturm\/#primaryimage\"},\"image\":{\"@id\":\"https:\/\/dev.visitrijeka.com.hr\/de\/stadtturm\/#primaryimage\"},\"thumbnailUrl\":\"https:\/\/dev.visitrijeka.com.hr\/wp-content\/uploads\/2023\/05\/Gradska-ura-2.jpg\",\"datePublished\":\"2023-05-18T13:12:25+00:00\",\"dateModified\":\"2023-05-18T13:37:01+00:00\",\"breadcrumb\":{\"@id\":\"https:\/\/dev.visitrijeka.com.hr\/de\/stadtturm\/#breadcrumb\"},\"inLanguage\":\"de\",\"potentialAction\":[{\"@type\":\"ReadAction\",\"target\":[\"https:\/\/dev.visitrijeka.com.hr\/de\/stadtturm\/\"]}]},{\"@type\":\"ImageObject\",\"inLanguage\":\"de\",\"@id\":\"https:\/\/dev.visitrijeka.com.hr\/de\/stadtturm\/#primaryimage\",\"url\":\"https:\/\/dev.visitrijeka.com.hr\/wp-content\/uploads\/2023\/05\/Gradska-ura-2.jpg\",\"contentUrl\":\"https:\/\/dev.visitrijeka.com.hr\/wp-content\/uploads\/2023\/05\/Gradska-ura-2.jpg\",\"width\":1080,\"height\":810,\"caption\":\"Gradski toranj\"},{\"@type\":\"BreadcrumbList\",\"@id\":\"https:\/\/dev.visitrijeka.com.hr\/de\/stadtturm\/#breadcrumb\",\"itemListElement\":[{\"@type\":\"ListItem\",\"position\":1,\"name\":\"Po\u010detna stranica\",\"item\":\"https:\/\/dev.visitrijeka.com.hr\/rijeka-advent-home\/\"},{\"@type\":\"ListItem\",\"position\":2,\"name\":\"ENTDECKE\",\"item\":\"https:\/\/dev.visitrijeka.com.hr\/de\/category\/entdecke\/\"},{\"@type\":\"ListItem\",\"position\":3,\"name\":\"Stadt\",\"item\":\"https:\/\/dev.visitrijeka.com.hr\/de\/category\/entdecke\/stadt\/\"},{\"@type\":\"ListItem\",\"position\":4,\"name\":\"Sehensw\u00fcrdigkeiten\",\"item\":\"https:\/\/dev.visitrijeka.com.hr\/de\/category\/entdecke\/stadt\/sehenswurdigkeiten\/\"},{\"@type\":\"ListItem\",\"position\":5,\"name\":\"Stadtturm\"}]},{\"@type\":\"WebSite\",\"@id\":\"https:\/\/dev.visitrijeka.com.hr\/it\/#website\",\"url\":\"https:\/\/dev.visitrijeka.com.hr\/it\/\",\"name\":\"Visit Rijeka\",\"description\":\"Grad koji te\u010de....\",\"publisher\":{\"@id\":\"https:\/\/dev.visitrijeka.com.hr\/it\/#organization\"},\"potentialAction\":[{\"@type\":\"SearchAction\",\"target\":{\"@type\":\"EntryPoint\",\"urlTemplate\":\"https:\/\/dev.visitrijeka.com.hr\/it\/?s={search_term_string}\"},\"query-input\":{\"@type\":\"PropertyValueSpecification\",\"valueRequired\":true,\"valueName\":\"search_term_string\"}}],\"inLanguage\":\"de\"},{\"@type\":\"Organization\",\"@id\":\"https:\/\/dev.visitrijeka.com.hr\/it\/#organization\",\"name\":\"Visit Rijeka\",\"url\":\"https:\/\/dev.visitrijeka.com.hr\/it\/\",\"logo\":{\"@type\":\"ImageObject\",\"inLanguage\":\"de\",\"@id\":\"https:\/\/dev.visitrijeka.com.hr\/it\/#\/schema\/logo\/image\/\",\"url\":\"https:\/\/dev.visitrijeka.com.hr\/wp-content\/uploads\/2023\/02\/Logo_Visit_rijeka_460.svg\",\"contentUrl\":\"https:\/\/dev.visitrijeka.com.hr\/wp-content\/uploads\/2023\/02\/Logo_Visit_rijeka_460.svg\",\"width\":100,\"height\":100,\"caption\":\"Visit Rijeka\"},\"image\":{\"@id\":\"https:\/\/dev.visitrijeka.com.hr\/it\/#\/schema\/logo\/image\/\"},\"sameAs\":[\"https:\/\/www.facebook.com\/VisitRijeka\"]},{\"@type\":\"Person\",\"@id\":\"https:\/\/dev.visitrijeka.com.hr\/it\/#\/schema\/person\/88920e99a8f2312c7cc0cf75192bf9b7\",\"name\":\"SWA Objave\"}]}<\/script>\n<!-- \/ Yoast SEO plugin. -->","yoast_head_json":{"title":"Stadtturm - Visit Rijeka","robots":{"index":"index","follow":"follow","max-snippet":"max-snippet:-1","max-image-preview":"max-image-preview:large","max-video-preview":"max-video-preview:-1"},"canonical":"https:\/\/dev.visitrijeka.com.hr\/de\/stadtturm\/","og_locale":"de_DE","og_type":"article","og_title":"Stadtturm - Visit Rijeka","og_url":"https:\/\/dev.visitrijeka.com.hr\/de\/stadtturm\/","og_site_name":"Visit Rijeka","article_publisher":"https:\/\/www.facebook.com\/VisitRijeka","article_published_time":"2023-05-18T13:12:25+00:00","article_modified_time":"2023-05-18T13:37:01+00:00","og_image":[{"width":1080,"height":810,"url":"https:\/\/dev.visitrijeka.com.hr\/wp-content\/uploads\/2023\/05\/Gradska-ura-2.jpg","type":"image\/jpeg"}],"author":"SWA Objave","twitter_card":"summary_large_image","twitter_misc":{"Verfasst von":"SWA Objave","Gesch\u00e4tzte Lesezeit":"9\u00a0Minuten"},"schema":{"@context":"https:\/\/schema.org","@graph":[{"@type":"Article","@id":"https:\/\/dev.visitrijeka.com.hr\/de\/stadtturm\/#article","isPartOf":{"@id":"https:\/\/dev.visitrijeka.com.hr\/de\/stadtturm\/"},"author":{"name":"SWA Objave","@id":"https:\/\/dev.visitrijeka.com.hr\/it\/#\/schema\/person\/88920e99a8f2312c7cc0cf75192bf9b7"},"headline":"Stadtturm","datePublished":"2023-05-18T13:12:25+00:00","dateModified":"2023-05-18T13:37:01+00:00","mainEntityOfPage":{"@id":"https:\/\/dev.visitrijeka.com.hr\/de\/stadtturm\/"},"wordCount":1821,"commentCount":0,"publisher":{"@id":"https:\/\/dev.visitrijeka.com.hr\/it\/#organization"},"image":{"@id":"https:\/\/dev.visitrijeka.com.hr\/de\/stadtturm\/#primaryimage"},"thumbnailUrl":"https:\/\/dev.visitrijeka.com.hr\/wp-content\/uploads\/2023\/05\/Gradska-ura-2.jpg","articleSection":["Sehensw\u00fcrdigkeiten","Stadt"],"inLanguage":"de","potentialAction":[{"@type":"CommentAction","name":"Comment","target":["https:\/\/dev.visitrijeka.com.hr\/de\/stadtturm\/#respond"]}]},{"@type":"WebPage","@id":"https:\/\/dev.visitrijeka.com.hr\/de\/stadtturm\/","url":"https:\/\/dev.visitrijeka.com.hr\/de\/stadtturm\/","name":"Stadtturm - Visit Rijeka","isPartOf":{"@id":"https:\/\/dev.visitrijeka.com.hr\/it\/#website"},"primaryImageOfPage":{"@id":"https:\/\/dev.visitrijeka.com.hr\/de\/stadtturm\/#primaryimage"},"image":{"@id":"https:\/\/dev.visitrijeka.com.hr\/de\/stadtturm\/#primaryimage"},"thumbnailUrl":"https:\/\/dev.visitrijeka.com.hr\/wp-content\/uploads\/2023\/05\/Gradska-ura-2.jpg","datePublished":"2023-05-18T13:12:25+00:00","dateModified":"2023-05-18T13:37:01+00:00","breadcrumb":{"@id":"https:\/\/dev.visitrijeka.com.hr\/de\/stadtturm\/#breadcrumb"},"inLanguage":"de","potentialAction":[{"@type":"ReadAction","target":["https:\/\/dev.visitrijeka.com.hr\/de\/stadtturm\/"]}]},{"@type":"ImageObject","inLanguage":"de","@id":"https:\/\/dev.visitrijeka.com.hr\/de\/stadtturm\/#primaryimage","url":"https:\/\/dev.visitrijeka.com.hr\/wp-content\/uploads\/2023\/05\/Gradska-ura-2.jpg","contentUrl":"https:\/\/dev.visitrijeka.com.hr\/wp-content\/uploads\/2023\/05\/Gradska-ura-2.jpg","width":1080,"height":810,"caption":"Gradski toranj"},{"@type":"BreadcrumbList","@id":"https:\/\/dev.visitrijeka.com.hr\/de\/stadtturm\/#breadcrumb","itemListElement":[{"@type":"ListItem","position":1,"name":"Po\u010detna stranica","item":"https:\/\/dev.visitrijeka.com.hr\/rijeka-advent-home\/"},{"@type":"ListItem","position":2,"name":"ENTDECKE","item":"https:\/\/dev.visitrijeka.com.hr\/de\/category\/entdecke\/"},{"@type":"ListItem","position":3,"name":"Stadt","item":"https:\/\/dev.visitrijeka.com.hr\/de\/category\/entdecke\/stadt\/"},{"@type":"ListItem","position":4,"name":"Sehensw\u00fcrdigkeiten","item":"https:\/\/dev.visitrijeka.com.hr\/de\/category\/entdecke\/stadt\/sehenswurdigkeiten\/"},{"@type":"ListItem","position":5,"name":"Stadtturm"}]},{"@type":"WebSite","@id":"https:\/\/dev.visitrijeka.com.hr\/it\/#website","url":"https:\/\/dev.visitrijeka.com.hr\/it\/","name":"Visit Rijeka","description":"Grad koji te\u010de....","publisher":{"@id":"https:\/\/dev.visitrijeka.com.hr\/it\/#organization"},"potentialAction":[{"@type":"SearchAction","target":{"@type":"EntryPoint","urlTemplate":"https:\/\/dev.visitrijeka.com.hr\/it\/?s={search_term_string}"},"query-input":{"@type":"PropertyValueSpecification","valueRequired":true,"valueName":"search_term_string"}}],"inLanguage":"de"},{"@type":"Organization","@id":"https:\/\/dev.visitrijeka.com.hr\/it\/#organization","name":"Visit Rijeka","url":"https:\/\/dev.visitrijeka.com.hr\/it\/","logo":{"@type":"ImageObject","inLanguage":"de","@id":"https:\/\/dev.visitrijeka.com.hr\/it\/#\/schema\/logo\/image\/","url":"https:\/\/dev.visitrijeka.com.hr\/wp-content\/uploads\/2023\/02\/Logo_Visit_rijeka_460.svg","contentUrl":"https:\/\/dev.visitrijeka.com.hr\/wp-content\/uploads\/2023\/02\/Logo_Visit_rijeka_460.svg","width":100,"height":100,"caption":"Visit Rijeka"},"image":{"@id":"https:\/\/dev.visitrijeka.com.hr\/it\/#\/schema\/logo\/image\/"},"sameAs":["https:\/\/www.facebook.com\/VisitRijeka"]},{"@type":"Person","@id":"https:\/\/dev.visitrijeka.com.hr\/it\/#\/schema\/person\/88920e99a8f2312c7cc0cf75192bf9b7","name":"SWA Objave"}]}},"_links":{"self":[{"href":"https:\/\/dev.visitrijeka.com.hr\/de\/wp-json\/wp\/v2\/posts\/21679","targetHints":{"allow":["GET"]}}],"collection":[{"href":"https:\/\/dev.visitrijeka.com.hr\/de\/wp-json\/wp\/v2\/posts"}],"about":[{"href":"https:\/\/dev.visitrijeka.com.hr\/de\/wp-json\/wp\/v2\/types\/post"}],"author":[{"embeddable":true,"href":"https:\/\/dev.visitrijeka.com.hr\/de\/wp-json\/wp\/v2\/users\/3"}],"replies":[{"embeddable":true,"href":"https:\/\/dev.visitrijeka.com.hr\/de\/wp-json\/wp\/v2\/comments?post=21679"}],"version-history":[{"count":3,"href":"https:\/\/dev.visitrijeka.com.hr\/de\/wp-json\/wp\/v2\/posts\/21679\/revisions"}],"predecessor-version":[{"id":21691,"href":"https:\/\/dev.visitrijeka.com.hr\/de\/wp-json\/wp\/v2\/posts\/21679\/revisions\/21691"}],"wp:featuredmedia":[{"embeddable":true,"href":"https:\/\/dev.visitrijeka.com.hr\/de\/wp-json\/wp\/v2\/media\/21674"}],"wp:attachment":[{"href":"https:\/\/dev.visitrijeka.com.hr\/de\/wp-json\/wp\/v2\/media?parent=21679"}],"wp:term":[{"taxonomy":"category","embeddable":true,"href":"https:\/\/dev.visitrijeka.com.hr\/de\/wp-json\/wp\/v2\/categories?post=21679"},{"taxonomy":"post_tag","embeddable":true,"href":"https:\/\/dev.visitrijeka.com.hr\/de\/wp-json\/wp\/v2\/tags?post=21679"}],"curies":[{"name":"wp","href":"https:\/\/api.w.org\/{rel}","templated":true}]}}