{"id":29515,"date":"2023-03-16T13:44:47","date_gmt":"2023-03-16T12:44:47","guid":{"rendered":"https:\/\/dev.visitrijeka.com.hr\/sablicevo\/"},"modified":"2023-08-23T14:52:39","modified_gmt":"2023-08-23T12:52:39","slug":"sablicevo","status":"publish","type":"post","link":"https:\/\/dev.visitrijeka.com.hr\/de\/sablicevo\/","title":{"rendered":"Sabli\u0107evo"},"content":{"rendered":"<p><div class=\"fusion-fullwidth fullwidth-box fusion-builder-row-1 fusion-flex-container has-pattern-background has-mask-background nonhundred-percent-fullwidth non-hundred-percent-height-scrolling\" style=\"--awb-border-radius-top-left:0px;--awb-border-radius-top-right:0px;--awb-border-radius-bottom-right:0px;--awb-border-radius-bottom-left:0px;--awb-padding-top:0px;--awb-padding-right:0px;--awb-padding-bottom:0px;--awb-padding-left:0px;--awb-margin-top:-140px;--awb-flex-wrap:wrap;\" ><div class=\"fusion-builder-row fusion-row fusion-flex-align-items-flex-start fusion-flex-justify-content-flex-end fusion-flex-content-wrap\" style=\"max-width:1414.4px;margin-left: calc(-4% \/ 2 );margin-right: calc(-4% \/ 2 );\"><div class=\"fusion-layout-column fusion_builder_column fusion-builder-column-0 fusion_builder_column_1_4 1_4 fusion-flex-column fusion-flex-align-self-flex-start plaze-shortcode-container id-29515 kieselstrand\" style=\"--awb-padding-top:15px;--awb-padding-right:15px;--awb-padding-bottom:15px;--awb-padding-left:15px;--awb-bg-color:rgba(255,255,255,0);--awb-bg-color-hover:rgba(255,255,255,0);--awb-bg-size:cover;--awb-width-large:25%;--awb-margin-top-large:-20px;--awb-spacing-right-large:5px;--awb-margin-bottom-large:0px;--awb-spacing-left-large:5px;--awb-width-medium:25%;--awb-order-medium:0;--awb-spacing-right-medium:5px;--awb-spacing-left-medium:5px;--awb-width-small:100%;--awb-order-small:0;--awb-spacing-right-small:1.92%;--awb-spacing-left-small:1.92%;\" data-scroll-devices=\"small-visibility,medium-visibility,large-visibility\"><div class=\"fusion-column-wrapper fusion-column-has-shadow fusion-flex-justify-content-flex-start fusion-content-layout-row fusion-content-nowrap\">    <div class=\"post-categories-grid\">\n        <\/div>\n        <style>\n        .post-tags-grid {\n            display: flex;\n            gap: 8px;\n            margin-top: 1em;\n        }\n        .post-tags-grid .tag {\n            border: 1px solid var(--link_color);\n            padding: .1em .3em;\n            border-radius: 8px;\n            font-size:13px;\n        }\n        .post-tags-grid .tag a {\n            color:black!important;\n        }\n        \n    <\/style>\n        <div class=\"post-categories-grid tags-grid\">\n            <div class=\"category-wrapper tags kieselstrand\" style=\"--awb-padding-top:15px;--awb-padding-right:15px;--awb-padding-bottom:15px;--awb-padding-left:15px;--awb-overflow:hidden;--awb-bg-color:var(--awb-color1);--awb-bg-size:cover;--awb-border-color:#c1c1c1;--awb-border-top:1px;--awb-border-right:1px;--awb-border-bottom:1px;--awb-border-left:1px;--awb-border-style:solid;--awb-border-radius:15px 15px 15px 15px;--awb-width-large:8%;--awb-margin-top-large:0px;--awb-spacing-right-large:5px;--awb-margin-bottom-large:0px;--awb-spacing-left-large:5px;--awb-width-medium:8%;--awb-order-medium:0;--awb-spacing-right-medium:5px;--awb-spacing-left-medium:5px;--awb-width-small:100%;--awb-order-small:0;--awb-spacing-right-small:1.92%;--awb-spacing-left-small:1.92%;\">\n            <div class=\" fusion-column-wrapper fusion-column-has-shadow fusion-flex-justify-content-flex-start fusion-content-layout-column category\">\n                <div class=\"icon\">\n                    <?xml version=\"1.0\" encoding=\"utf-8\"?>\r\n<!-- Generator: Adobe Illustrator 27.5.0, SVG Export Plug-In . SVG Version: 6.00 Build 0)  -->\r\n<svg version=\"1.1\" id=\"Layer_1\" xmlns=\"http:\/\/www.w3.org\/2000\/svg\" xmlns:xlink=\"http:\/\/www.w3.org\/1999\/xlink\" x=\"0px\" y=\"0px\"\r\n\t viewBox=\"0 0 446.164 446.164\" style=\"enable-background:new 0 0 446.164 446.164;\" xml:space=\"preserve\">\r\n<style type=\"text\/css\">\r\n\t.st0{fill:none;stroke:#282828;stroke-width:12;stroke-linecap:round;stroke-linejoin:round;stroke-miterlimit:10;}\r\n<\/style>\r\n<g>\r\n\t<g>\r\n\t\t<path class=\"st0\" d=\"M85.931,126.536c0,0-1.2-40.33,42.669-80.629l-5.102-17.565\"\/>\r\n\t\t<line class=\"st0\" x1=\"156.588\" y1=\"142.271\" x2=\"184.336\" y2=\"237.807\"\/>\r\n\t\t<path class=\"st0\" d=\"M85.931,126.536c0,0,32.423,23.145,62.357-12.845\"\/>\r\n\t\t<path class=\"st0\" d=\"M31.756,142.271c0,0,25.893,16.177,54.174-15.735\"\/>\r\n\t\t<path class=\"st0\" d=\"M261.997,75.399c0,0-13.198,27.531-54.174,15.735\"\/>\r\n\t\t<path class=\"st0\" d=\"M261.997,75.399c-11.871-16.356-30.824-25.686-50.82-30.855C156.242,30.339,96.918,47.57,58.14,88.992\r\n\t\t\tc-14.115,15.077-25.121,33.108-26.383,53.279\"\/>\r\n\t\t<path class=\"st0\" d=\"M207.823,91.134c0,0-20.592-34.697-79.223-45.226l19.687,67.784\r\n\t\t\tC192.843,128.046,207.823,91.134,207.823,91.134\"\/>\r\n\t<\/g>\r\n\t<path class=\"st0\" d=\"M308.853,228.212c0,0,26.924-23.719,64.106,0C410.14,251.931,276.159,262.829,308.853,228.212z\"\/>\r\n\t<path class=\"st0\" d=\"M354.928,284.724c0,0,26.924-23.719,64.106,0C456.215,308.443,322.234,319.341,354.928,284.724z\"\/>\r\n\t<path class=\"st0\" d=\"M25.824,262.187c0,0,26.924-23.719,64.106,0C127.111,285.906-6.87,296.804,25.824,262.187z\"\/>\r\n\t<path class=\"st0\" d=\"M167.539,287.294c0,0,13.809-16.387,32.879,0C219.488,303.681,150.771,311.21,167.539,287.294z\"\/>\r\n\t<path class=\"st0\" d=\"M221.349,224.785c0,0,13.809-16.387,32.879,0S204.581,248.702,221.349,224.785z\"\/>\r\n\t<path class=\"st0\" d=\"M259.97,270.202c0,0,13.809-16.387,32.879,0C311.919,286.589,243.202,294.118,259.97,270.202z\"\/>\r\n\t<path class=\"st0\" d=\"M253.918,321.622c0,0,13.809-16.387,32.879,0C305.867,338.009,237.15,345.539,253.918,321.622z\"\/>\r\n\t<path class=\"st0\" d=\"M273.375,186.555c0,0,13.809-16.387,32.879,0C325.324,202.942,256.607,210.471,273.375,186.555z\"\/>\r\n\t<path class=\"st0\" d=\"M123.728,245.09c0,0,13.809-16.387,32.879,0C175.676,261.477,106.959,269.007,123.728,245.09z\"\/>\r\n\t<path class=\"st0\" d=\"M79.713,313.704c0,0,13.809-16.387,32.879,0C131.662,330.092,62.945,337.621,79.713,313.704z\"\/>\r\n\t<path class=\"st0\" d=\"M20.259,339.959c40.376-0.872,40.958,26.126,81.334,25.255c40.377-0.872,39.795-27.87,80.172-28.741\r\n\t\tc40.379-0.872,40.962,26.126,81.34,25.254c40.381-0.872,39.798-27.87,80.178-28.741c40.381-0.872,40.963,26.126,81.344,25.254\"\/>\r\n\t<path class=\"st0\" d=\"M21.537,393.201c40.376-0.872,40.958,26.126,81.334,25.255c40.377-0.872,39.795-27.87,80.172-28.741\r\n\t\tc40.379-0.872,40.962,26.126,81.34,25.254c40.381-0.872,39.798-27.87,80.178-28.741s40.963,26.126,81.344,25.254\"\/>\r\n<\/g>\r\n<\/svg>\r\n                <\/div>\n                <div class=\"fusion-text cat-name\">\n                    Kieselstrand            <\/div>\n        <\/div>       \n    <\/div>\n        <\/div>\n    <\/div><\/div><div class=\"fusion-layout-column fusion_builder_column fusion-builder-column-1 fusion_builder_column_3_5 3_5 fusion-flex-column fusion-flex-align-self-flex-start id-29515 kieselstrand\" style=\"--awb-padding-top:0px;--awb-padding-right:0px;--awb-padding-bottom:0px;--awb-padding-left:0px;--awb-bg-size:cover;--awb-width-large:60%;--awb-margin-top-large:0px;--awb-spacing-right-large:0px;--awb-margin-bottom-large:0px;--awb-spacing-left-large:0px;--awb-width-medium:60%;--awb-order-medium:0;--awb-spacing-right-medium:0px;--awb-spacing-left-medium:0px;--awb-width-small:100%;--awb-order-small:0;--awb-spacing-right-small:1.92%;--awb-spacing-left-small:1.92%;\"><div class=\"fusion-column-wrapper fusion-column-has-shadow fusion-flex-justify-content-flex-start fusion-content-layout-column\"><\/div><\/div><div class=\"fusion-layout-column fusion_builder_column fusion-builder-column-2 fusion-flex-column fusion-flex-align-self-flex-start layout_smjestaj_istrazi id-29515 kieselstrand\" style=\"--awb-padding-top:0px;--awb-padding-right:0px;--awb-padding-bottom:0px;--awb-padding-left:0px;--awb-padding-right-small:15px;--awb-padding-left-small:15px;--awb-bg-size:cover;--awb-width-large:15%;--awb-margin-top-large:0px;--awb-spacing-right-large:0px;--awb-margin-bottom-large:0px;--awb-spacing-left-large:0px;--awb-width-medium:15%;--awb-order-medium:0;--awb-spacing-right-medium:0px;--awb-spacing-left-medium:0px;--awb-width-small:100%;--awb-order-small:0;--awb-spacing-right-small:1.92%;--awb-spacing-left-small:1.92%;\"><div class=\"fusion-column-wrapper fusion-column-has-shadow fusion-flex-justify-content-flex-start fusion-content-layout-column\"><div class=\"fusion-separator fusion-full-width-sep\" style=\"align-self: center;margin-left: auto;margin-right: auto;margin-top:10px;width:100%;\"><\/div><div class=\"fusion-separator fusion-no-medium-visibility fusion-no-large-visibility fusion-full-width-sep\" style=\"align-self: center;margin-left: auto;margin-right: auto;margin-top:30px;width:100%;\"><\/div><div class=\"fusion-text fusion-text-1\">     <ul style=\"--awb-size:20px;--awb-margin-top:0px;--awb-margin-right:0px;--awb-margin-bottom:0px;--awb-margin-left:0px;--awb-item-padding-top:0px;--awb-item-padding-right:0px;--awb-item-padding-bottom:0px;--awb-item-padding-left:0px;--awb-line-height:34px;--awb-icon-width:34px;--awb-icon-height:34px;--awb-icon-margin:14px;--awb-content-margin:48px;\" class=\"fusion-checklist fusion-checklist-1 type-icons\">\n         <li class=\"fusion-li-item\" style=\"\">\n            <span class=\"icon-wrapper circle-no\">\n                <i class=\"fusion-li-icon icon-Plava_Visitrijeka\" aria-hidden=\"true\"><\/i>\n            <\/span>\n            <div class=\"fusion-li-item-content\">\n                <h3><strong>entdecke.<\/strong><\/h3>\n            <\/div>\n        <\/li>\n    <\/ul>\n    \n<\/div><\/div><\/div><\/div><\/div>\n<div class=\"fusion-fullwidth fullwidth-box fusion-builder-row-2 fusion-flex-container has-pattern-background has-mask-background nonhundred-percent-fullwidth non-hundred-percent-height-scrolling\" style=\"--awb-border-radius-top-left:0px;--awb-border-radius-top-right:0px;--awb-border-radius-bottom-right:0px;--awb-border-radius-bottom-left:0px;--awb-padding-right-small:15px;--awb-padding-left-small:15px;--awb-margin-top:0px;--awb-flex-wrap:wrap;\" ><div class=\"fusion-builder-row fusion-row fusion-flex-align-items-flex-start fusion-flex-justify-content-center fusion-flex-content-wrap\" style=\"max-width:1414.4px;margin-left: calc(-4% \/ 2 );margin-right: calc(-4% \/ 2 );\"><div class=\"fusion-layout-column fusion_builder_column fusion-builder-column-3 fusion_builder_column_1_3 1_3 fusion-flex-column plaze_pdf_column id-29515 kieselstrand\" style=\"--awb-padding-top:40px;--awb-padding-right:20px;--awb-padding-bottom:40px;--awb-padding-left:20px;--awb-padding-top-small:20px;--awb-padding-right-small:20px;--awb-padding-bottom-small:20px;--awb-padding-left-small:20px;--awb-overflow:hidden;--awb-bg-size:cover;--awb-box-shadow:5px 5px 19px 2px var(--awb-color2);;--awb-border-color:var(--awb-color3);--awb-border-top:1px;--awb-border-right:1px;--awb-border-bottom:1px;--awb-border-left:1px;--awb-border-style:solid;--awb-border-radius:10px 10px 10px 10px;--awb-width-large:33.333333333333%;--awb-margin-top-large:0px;--awb-spacing-right-large:5.76%;--awb-margin-bottom-large:30px;--awb-spacing-left-large:5.76%;--awb-width-medium:33.333333333333%;--awb-order-medium:0;--awb-spacing-right-medium:5.76%;--awb-spacing-left-medium:5.76%;--awb-width-small:100%;--awb-order-small:3;--awb-margin-top-small:0;--awb-spacing-right-small:1.92%;--awb-spacing-left-small:1.92%;\" data-scroll-devices=\"small-visibility,medium-visibility,large-visibility\"><div class=\"fusion-column-wrapper fusion-column-has-shadow fusion-flex-justify-content-flex-start fusion-content-layout-column\"><ul style=\"--awb-textcolor:var(--awb-color8);--awb-line-height:25.5px;--awb-icon-width:25.5px;--awb-icon-height:25.5px;--awb-icon-margin:10.5px;--awb-content-margin:36px;\" class=\"fusion-checklist fusion-checklist-1 fusion-checklist-default type-icons\"><li class=\"fusion-li-item\" style=\"\"><span class=\"icon-wrapper circle-no\"><i class=\"fusion-li-icon fa-file-pdf far\" aria-hidden=\"true\"><\/i><\/span><div class=\"fusion-li-item-content\"><a href=\"https:\/\/dev.visitrijeka.com.hr\/wp-content\/uploads\/2023\/08\/Brosura-Plaze-2023-WEB-1.pdf\" target=\"_blank\" rel=\"noopener\"><strong>Str\u00e4nde 2023.pdf<\/strong><\/a><\/div><\/li><\/ul><\/div><\/div>\n<div class=\"fusion-layout-column fusion_builder_column fusion-builder-column-4 fusion_builder_column_2_3 2_3 fusion-flex-column privitak_sa_ikonom slovoodlomka_veliko id-29515 kieselstrand\" style=\"--awb-bg-size:cover;--awb-width-large:66.666666666667%;--awb-margin-top-large:0px;--awb-spacing-right-large:2.88%;--awb-margin-bottom-large:0px;--awb-spacing-left-large:2.88%;--awb-width-medium:66.666666666667%;--awb-order-medium:0;--awb-spacing-right-medium:2.88%;--awb-spacing-left-medium:2.88%;--awb-width-small:100%;--awb-order-small:2;--awb-spacing-right-small:1.92%;--awb-spacing-left-small:1.92%;\"><div class=\"fusion-column-wrapper fusion-column-has-shadow fusion-flex-justify-content-flex-start fusion-content-layout-column\"><div class=\"fusion-text fusion-text-2\"><p>Einer der beliebtesten Str\u00e4nde von Rijeka, umgeben von einer felsigen Landschaft. Der Strand bietet einen herrlichen Blick auf die U\u010dka und die Bucht von Opatija, und das Erlebnis wird durch Musik aus der nahegelegenen Beach Bar abgerundet, wo Sie ein eisgek\u00fchltes Getr\u00e4nk genie\u00dfen k\u00f6nnen.<\/p>\n<\/div><\/div><\/div><\/div><\/div><\/p>\n","protected":false},"excerpt":{"rendered":"","protected":false},"author":1,"featured_media":37150,"comment_status":"closed","ping_status":"closed","sticky":false,"template":"","format":"standard","meta":{"_acf_changed":false,"inline_featured_image":false,"footnotes":""},"categories":[579,886,574],"tags":[540],"class_list":["post-29515","post","type-post","status-publish","format-standard","has-post-thumbnail","hentry","category-gerichte-und-getranke","category-straende","category-zusatzliche-inhalte","tag-kieselstrand"],"acf":[],"yoast_head":"<!-- This site is optimized with the Yoast SEO plugin v25.7 - https:\/\/yoast.com\/wordpress\/plugins\/seo\/ -->\n<title>Sabli\u0107evo - Visit Rijeka<\/title>\n<meta name=\"robots\" content=\"index, follow, max-snippet:-1, max-image-preview:large, max-video-preview:-1\" \/>\n<link rel=\"canonical\" href=\"https:\/\/dev.visitrijeka.com.hr\/de\/sablicevo\/\" \/>\n<meta property=\"og:locale\" content=\"de_DE\" \/>\n<meta property=\"og:type\" content=\"article\" \/>\n<meta property=\"og:title\" content=\"Sabli\u0107evo - Visit Rijeka\" \/>\n<meta property=\"og:url\" content=\"https:\/\/dev.visitrijeka.com.hr\/de\/sablicevo\/\" \/>\n<meta property=\"og:site_name\" content=\"Visit Rijeka\" \/>\n<meta property=\"article:publisher\" content=\"https:\/\/www.facebook.com\/VisitRijeka\" \/>\n<meta property=\"article:published_time\" content=\"2023-03-16T12:44:47+00:00\" \/>\n<meta property=\"article:modified_time\" content=\"2023-08-23T12:52:39+00:00\" \/>\n<meta property=\"og:image\" content=\"https:\/\/dev.visitrijeka.com.hr\/wp-content\/uploads\/2023\/08\/Sablic\u2560uevo.jpg\" \/>\n\t<meta property=\"og:image:width\" content=\"1920\" \/>\n\t<meta property=\"og:image:height\" content=\"1301\" \/>\n\t<meta property=\"og:image:type\" content=\"image\/jpeg\" \/>\n<meta name=\"author\" content=\"swebart\" \/>\n<meta name=\"twitter:card\" content=\"summary_large_image\" \/>\n<meta name=\"twitter:label1\" content=\"Verfasst von\" \/>\n\t<meta name=\"twitter:data1\" content=\"swebart\" \/>\n\t<meta name=\"twitter:label2\" content=\"Gesch\u00e4tzte Lesezeit\" \/>\n\t<meta name=\"twitter:data2\" content=\"7\u00a0Minuten\" \/>\n<script type=\"application\/ld+json\" class=\"yoast-schema-graph\">{\"@context\":\"https:\/\/schema.org\",\"@graph\":[{\"@type\":\"Article\",\"@id\":\"https:\/\/dev.visitrijeka.com.hr\/de\/sablicevo\/#article\",\"isPartOf\":{\"@id\":\"https:\/\/dev.visitrijeka.com.hr\/de\/sablicevo\/\"},\"author\":{\"name\":\"swebart\",\"@id\":\"https:\/\/dev.visitrijeka.com.hr\/it\/#\/schema\/person\/e24d1df426f624179c110df6101c232e\"},\"headline\":\"Sabli\u0107evo\",\"datePublished\":\"2023-03-16T12:44:47+00:00\",\"dateModified\":\"2023-08-23T12:52:39+00:00\",\"mainEntityOfPage\":{\"@id\":\"https:\/\/dev.visitrijeka.com.hr\/de\/sablicevo\/\"},\"wordCount\":935,\"publisher\":{\"@id\":\"https:\/\/dev.visitrijeka.com.hr\/it\/#organization\"},\"image\":{\"@id\":\"https:\/\/dev.visitrijeka.com.hr\/de\/sablicevo\/#primaryimage\"},\"thumbnailUrl\":\"https:\/\/dev.visitrijeka.com.hr\/wp-content\/uploads\/2023\/08\/Sablic\u2560uevo.jpg\",\"keywords\":[\"Kieselstrand\"],\"articleSection\":[\"Gerichte und Getr\u00e4nke\",\"Str\u00e4nde\",\"Zus\u00e4tzliche Inhalte\"],\"inLanguage\":\"de\"},{\"@type\":\"WebPage\",\"@id\":\"https:\/\/dev.visitrijeka.com.hr\/de\/sablicevo\/\",\"url\":\"https:\/\/dev.visitrijeka.com.hr\/de\/sablicevo\/\",\"name\":\"Sabli\u0107evo - Visit Rijeka\",\"isPartOf\":{\"@id\":\"https:\/\/dev.visitrijeka.com.hr\/it\/#website\"},\"primaryImageOfPage\":{\"@id\":\"https:\/\/dev.visitrijeka.com.hr\/de\/sablicevo\/#primaryimage\"},\"image\":{\"@id\":\"https:\/\/dev.visitrijeka.com.hr\/de\/sablicevo\/#primaryimage\"},\"thumbnailUrl\":\"https:\/\/dev.visitrijeka.com.hr\/wp-content\/uploads\/2023\/08\/Sablic\u2560uevo.jpg\",\"datePublished\":\"2023-03-16T12:44:47+00:00\",\"dateModified\":\"2023-08-23T12:52:39+00:00\",\"breadcrumb\":{\"@id\":\"https:\/\/dev.visitrijeka.com.hr\/de\/sablicevo\/#breadcrumb\"},\"inLanguage\":\"de\",\"potentialAction\":[{\"@type\":\"ReadAction\",\"target\":[\"https:\/\/dev.visitrijeka.com.hr\/de\/sablicevo\/\"]}]},{\"@type\":\"ImageObject\",\"inLanguage\":\"de\",\"@id\":\"https:\/\/dev.visitrijeka.com.hr\/de\/sablicevo\/#primaryimage\",\"url\":\"https:\/\/dev.visitrijeka.com.hr\/wp-content\/uploads\/2023\/08\/Sablic\u2560uevo.jpg\",\"contentUrl\":\"https:\/\/dev.visitrijeka.com.hr\/wp-content\/uploads\/2023\/08\/Sablic\u2560uevo.jpg\",\"width\":1920,\"height\":1301,\"caption\":\"Sabli\u0107evo\"},{\"@type\":\"BreadcrumbList\",\"@id\":\"https:\/\/dev.visitrijeka.com.hr\/de\/sablicevo\/#breadcrumb\",\"itemListElement\":[{\"@type\":\"ListItem\",\"position\":1,\"name\":\"Po\u010detna stranica\",\"item\":\"https:\/\/dev.visitrijeka.com.hr\/rijeka-advent-home\/\"},{\"@type\":\"ListItem\",\"position\":2,\"name\":\"ENTDECKE\",\"item\":\"https:\/\/dev.visitrijeka.com.hr\/de\/category\/entdecke\/\"},{\"@type\":\"ListItem\",\"position\":3,\"name\":\"Str\u00e4nde\",\"item\":\"https:\/\/dev.visitrijeka.com.hr\/de\/category\/entdecke\/straende\/\"},{\"@type\":\"ListItem\",\"position\":4,\"name\":\"Gerichte und Getr\u00e4nke\",\"item\":\"https:\/\/dev.visitrijeka.com.hr\/de\/category\/entdecke\/straende\/gerichte-und-getranke\/\"},{\"@type\":\"ListItem\",\"position\":5,\"name\":\"Sabli\u0107evo\"}]},{\"@type\":\"WebSite\",\"@id\":\"https:\/\/dev.visitrijeka.com.hr\/it\/#website\",\"url\":\"https:\/\/dev.visitrijeka.com.hr\/it\/\",\"name\":\"Visit Rijeka\",\"description\":\"Grad koji te\u010de....\",\"publisher\":{\"@id\":\"https:\/\/dev.visitrijeka.com.hr\/it\/#organization\"},\"potentialAction\":[{\"@type\":\"SearchAction\",\"target\":{\"@type\":\"EntryPoint\",\"urlTemplate\":\"https:\/\/dev.visitrijeka.com.hr\/it\/?s={search_term_string}\"},\"query-input\":{\"@type\":\"PropertyValueSpecification\",\"valueRequired\":true,\"valueName\":\"search_term_string\"}}],\"inLanguage\":\"de\"},{\"@type\":\"Organization\",\"@id\":\"https:\/\/dev.visitrijeka.com.hr\/it\/#organization\",\"name\":\"Visit Rijeka\",\"url\":\"https:\/\/dev.visitrijeka.com.hr\/it\/\",\"logo\":{\"@type\":\"ImageObject\",\"inLanguage\":\"de\",\"@id\":\"https:\/\/dev.visitrijeka.com.hr\/it\/#\/schema\/logo\/image\/\",\"url\":\"https:\/\/dev.visitrijeka.com.hr\/wp-content\/uploads\/2023\/02\/Logo_Visit_rijeka_460.svg\",\"contentUrl\":\"https:\/\/dev.visitrijeka.com.hr\/wp-content\/uploads\/2023\/02\/Logo_Visit_rijeka_460.svg\",\"width\":100,\"height\":100,\"caption\":\"Visit Rijeka\"},\"image\":{\"@id\":\"https:\/\/dev.visitrijeka.com.hr\/it\/#\/schema\/logo\/image\/\"},\"sameAs\":[\"https:\/\/www.facebook.com\/VisitRijeka\"]},{\"@type\":\"Person\",\"@id\":\"https:\/\/dev.visitrijeka.com.hr\/it\/#\/schema\/person\/e24d1df426f624179c110df6101c232e\",\"name\":\"swebart\",\"sameAs\":[\"https:\/\/dev.visitrijeka.com.hr\"]}]}<\/script>\n<!-- \/ Yoast SEO plugin. -->","yoast_head_json":{"title":"Sabli\u0107evo - Visit Rijeka","robots":{"index":"index","follow":"follow","max-snippet":"max-snippet:-1","max-image-preview":"max-image-preview:large","max-video-preview":"max-video-preview:-1"},"canonical":"https:\/\/dev.visitrijeka.com.hr\/de\/sablicevo\/","og_locale":"de_DE","og_type":"article","og_title":"Sabli\u0107evo - Visit Rijeka","og_url":"https:\/\/dev.visitrijeka.com.hr\/de\/sablicevo\/","og_site_name":"Visit Rijeka","article_publisher":"https:\/\/www.facebook.com\/VisitRijeka","article_published_time":"2023-03-16T12:44:47+00:00","article_modified_time":"2023-08-23T12:52:39+00:00","og_image":[{"width":1920,"height":1301,"url":"https:\/\/dev.visitrijeka.com.hr\/wp-content\/uploads\/2023\/08\/Sablic\u2560uevo.jpg","type":"image\/jpeg"}],"author":"swebart","twitter_card":"summary_large_image","twitter_misc":{"Verfasst von":"swebart","Gesch\u00e4tzte Lesezeit":"7\u00a0Minuten"},"schema":{"@context":"https:\/\/schema.org","@graph":[{"@type":"Article","@id":"https:\/\/dev.visitrijeka.com.hr\/de\/sablicevo\/#article","isPartOf":{"@id":"https:\/\/dev.visitrijeka.com.hr\/de\/sablicevo\/"},"author":{"name":"swebart","@id":"https:\/\/dev.visitrijeka.com.hr\/it\/#\/schema\/person\/e24d1df426f624179c110df6101c232e"},"headline":"Sabli\u0107evo","datePublished":"2023-03-16T12:44:47+00:00","dateModified":"2023-08-23T12:52:39+00:00","mainEntityOfPage":{"@id":"https:\/\/dev.visitrijeka.com.hr\/de\/sablicevo\/"},"wordCount":935,"publisher":{"@id":"https:\/\/dev.visitrijeka.com.hr\/it\/#organization"},"image":{"@id":"https:\/\/dev.visitrijeka.com.hr\/de\/sablicevo\/#primaryimage"},"thumbnailUrl":"https:\/\/dev.visitrijeka.com.hr\/wp-content\/uploads\/2023\/08\/Sablic\u2560uevo.jpg","keywords":["Kieselstrand"],"articleSection":["Gerichte und Getr\u00e4nke","Str\u00e4nde","Zus\u00e4tzliche Inhalte"],"inLanguage":"de"},{"@type":"WebPage","@id":"https:\/\/dev.visitrijeka.com.hr\/de\/sablicevo\/","url":"https:\/\/dev.visitrijeka.com.hr\/de\/sablicevo\/","name":"Sabli\u0107evo - Visit Rijeka","isPartOf":{"@id":"https:\/\/dev.visitrijeka.com.hr\/it\/#website"},"primaryImageOfPage":{"@id":"https:\/\/dev.visitrijeka.com.hr\/de\/sablicevo\/#primaryimage"},"image":{"@id":"https:\/\/dev.visitrijeka.com.hr\/de\/sablicevo\/#primaryimage"},"thumbnailUrl":"https:\/\/dev.visitrijeka.com.hr\/wp-content\/uploads\/2023\/08\/Sablic\u2560uevo.jpg","datePublished":"2023-03-16T12:44:47+00:00","dateModified":"2023-08-23T12:52:39+00:00","breadcrumb":{"@id":"https:\/\/dev.visitrijeka.com.hr\/de\/sablicevo\/#breadcrumb"},"inLanguage":"de","potentialAction":[{"@type":"ReadAction","target":["https:\/\/dev.visitrijeka.com.hr\/de\/sablicevo\/"]}]},{"@type":"ImageObject","inLanguage":"de","@id":"https:\/\/dev.visitrijeka.com.hr\/de\/sablicevo\/#primaryimage","url":"https:\/\/dev.visitrijeka.com.hr\/wp-content\/uploads\/2023\/08\/Sablic\u2560uevo.jpg","contentUrl":"https:\/\/dev.visitrijeka.com.hr\/wp-content\/uploads\/2023\/08\/Sablic\u2560uevo.jpg","width":1920,"height":1301,"caption":"Sabli\u0107evo"},{"@type":"BreadcrumbList","@id":"https:\/\/dev.visitrijeka.com.hr\/de\/sablicevo\/#breadcrumb","itemListElement":[{"@type":"ListItem","position":1,"name":"Po\u010detna stranica","item":"https:\/\/dev.visitrijeka.com.hr\/rijeka-advent-home\/"},{"@type":"ListItem","position":2,"name":"ENTDECKE","item":"https:\/\/dev.visitrijeka.com.hr\/de\/category\/entdecke\/"},{"@type":"ListItem","position":3,"name":"Str\u00e4nde","item":"https:\/\/dev.visitrijeka.com.hr\/de\/category\/entdecke\/straende\/"},{"@type":"ListItem","position":4,"name":"Gerichte und Getr\u00e4nke","item":"https:\/\/dev.visitrijeka.com.hr\/de\/category\/entdecke\/straende\/gerichte-und-getranke\/"},{"@type":"ListItem","position":5,"name":"Sabli\u0107evo"}]},{"@type":"WebSite","@id":"https:\/\/dev.visitrijeka.com.hr\/it\/#website","url":"https:\/\/dev.visitrijeka.com.hr\/it\/","name":"Visit Rijeka","description":"Grad koji te\u010de....","publisher":{"@id":"https:\/\/dev.visitrijeka.com.hr\/it\/#organization"},"potentialAction":[{"@type":"SearchAction","target":{"@type":"EntryPoint","urlTemplate":"https:\/\/dev.visitrijeka.com.hr\/it\/?s={search_term_string}"},"query-input":{"@type":"PropertyValueSpecification","valueRequired":true,"valueName":"search_term_string"}}],"inLanguage":"de"},{"@type":"Organization","@id":"https:\/\/dev.visitrijeka.com.hr\/it\/#organization","name":"Visit Rijeka","url":"https:\/\/dev.visitrijeka.com.hr\/it\/","logo":{"@type":"ImageObject","inLanguage":"de","@id":"https:\/\/dev.visitrijeka.com.hr\/it\/#\/schema\/logo\/image\/","url":"https:\/\/dev.visitrijeka.com.hr\/wp-content\/uploads\/2023\/02\/Logo_Visit_rijeka_460.svg","contentUrl":"https:\/\/dev.visitrijeka.com.hr\/wp-content\/uploads\/2023\/02\/Logo_Visit_rijeka_460.svg","width":100,"height":100,"caption":"Visit Rijeka"},"image":{"@id":"https:\/\/dev.visitrijeka.com.hr\/it\/#\/schema\/logo\/image\/"},"sameAs":["https:\/\/www.facebook.com\/VisitRijeka"]},{"@type":"Person","@id":"https:\/\/dev.visitrijeka.com.hr\/it\/#\/schema\/person\/e24d1df426f624179c110df6101c232e","name":"swebart","sameAs":["https:\/\/dev.visitrijeka.com.hr"]}]}},"_links":{"self":[{"href":"https:\/\/dev.visitrijeka.com.hr\/de\/wp-json\/wp\/v2\/posts\/29515","targetHints":{"allow":["GET"]}}],"collection":[{"href":"https:\/\/dev.visitrijeka.com.hr\/de\/wp-json\/wp\/v2\/posts"}],"about":[{"href":"https:\/\/dev.visitrijeka.com.hr\/de\/wp-json\/wp\/v2\/types\/post"}],"author":[{"embeddable":true,"href":"https:\/\/dev.visitrijeka.com.hr\/de\/wp-json\/wp\/v2\/users\/1"}],"replies":[{"embeddable":true,"href":"https:\/\/dev.visitrijeka.com.hr\/de\/wp-json\/wp\/v2\/comments?post=29515"}],"version-history":[{"count":5,"href":"https:\/\/dev.visitrijeka.com.hr\/de\/wp-json\/wp\/v2\/posts\/29515\/revisions"}],"predecessor-version":[{"id":38071,"href":"https:\/\/dev.visitrijeka.com.hr\/de\/wp-json\/wp\/v2\/posts\/29515\/revisions\/38071"}],"wp:featuredmedia":[{"embeddable":true,"href":"https:\/\/dev.visitrijeka.com.hr\/de\/wp-json\/wp\/v2\/media\/37150"}],"wp:attachment":[{"href":"https:\/\/dev.visitrijeka.com.hr\/de\/wp-json\/wp\/v2\/media?parent=29515"}],"wp:term":[{"taxonomy":"category","embeddable":true,"href":"https:\/\/dev.visitrijeka.com.hr\/de\/wp-json\/wp\/v2\/categories?post=29515"},{"taxonomy":"post_tag","embeddable":true,"href":"https:\/\/dev.visitrijeka.com.hr\/de\/wp-json\/wp\/v2\/tags?post=29515"}],"curies":[{"name":"wp","href":"https:\/\/api.w.org\/{rel}","templated":true}]}}