{"id":21289,"date":"2023-03-24T12:41:29","date_gmt":"2023-03-24T11:41:29","guid":{"rendered":"https:\/\/dev.visitrijeka.com.hr\/drzavni-arhiv-u-rijeci\/"},"modified":"2023-05-17T14:35:10","modified_gmt":"2023-05-17T12:35:10","slug":"archivo-estatal-de-rijeka","status":"publish","type":"post","link":"https:\/\/dev.visitrijeka.com.hr\/es\/archivo-estatal-de-rijeka\/","title":{"rendered":"Archivo Estatal de Rijeka"},"content":{"rendered":"<p><div class=\"fusion-fullwidth fullwidth-box fusion-builder-row-1 fusion-flex-container has-pattern-background has-mask-background nonhundred-percent-fullwidth non-hundred-percent-height-scrolling\" style=\"--awb-border-radius-top-left:0px;--awb-border-radius-top-right:0px;--awb-border-radius-bottom-right:0px;--awb-border-radius-bottom-left:0px;--awb-padding-top:0px;--awb-padding-right:0px;--awb-padding-bottom:0px;--awb-padding-left:0px;--awb-margin-top:-140px;--awb-flex-wrap:wrap;\" ><div class=\"fusion-builder-row fusion-row fusion-flex-align-items-flex-start fusion-flex-justify-content-center fusion-flex-content-wrap\" style=\"max-width:1414.4px;margin-left: calc(-4% \/ 2 );margin-right: calc(-4% \/ 2 );\"><div class=\"fusion-layout-column fusion_builder_column fusion-builder-column-0 fusion_builder_column_1_6 1_6 fusion-flex-column fusion-flex-align-self-flex-start id-21289\" style=\"--awb-padding-top:0px;--awb-padding-right:0px;--awb-padding-bottom:0px;--awb-padding-left:0px;--awb-bg-color:rgba(255,255,255,0);--awb-bg-color-hover:rgba(255,255,255,0);--awb-bg-size:cover;--awb-border-color:#c1c1c1;--awb-border-style:solid;--awb-width-large:16.666666666667%;--awb-margin-top-large:0px;--awb-spacing-right-large:5px;--awb-margin-bottom-large:0px;--awb-spacing-left-large:5px;--awb-width-medium:16.666666666667%;--awb-order-medium:0;--awb-spacing-right-medium:5px;--awb-spacing-left-medium:5px;--awb-width-small:100%;--awb-order-small:0;--awb-spacing-right-small:1.92%;--awb-spacing-left-small:1.92%;\" data-scroll-devices=\"small-visibility,medium-visibility,large-visibility\"><div class=\"fusion-column-wrapper fusion-column-has-shadow fusion-flex-justify-content-flex-start fusion-content-layout-column\"><div class=\"fusion-text fusion-text-1\">    <div class=\"post-categories-grid\">\n        <\/div>\n    \n<\/div><\/div><\/div><div class=\"fusion-layout-column fusion_builder_column fusion-builder-column-1 fusion-flex-column fusion-flex-align-self-flex-start id-21289\" style=\"--awb-padding-top:0px;--awb-padding-right:0px;--awb-padding-bottom:0px;--awb-padding-left:0px;--awb-bg-size:cover;--awb-width-large:68%;--awb-margin-top-large:0px;--awb-spacing-right-large:0px;--awb-margin-bottom-large:0px;--awb-spacing-left-large:0px;--awb-width-medium:68%;--awb-order-medium:0;--awb-spacing-right-medium:0px;--awb-spacing-left-medium:0px;--awb-width-small:100%;--awb-order-small:0;--awb-spacing-right-small:1.92%;--awb-spacing-left-small:1.92%;\" data-scroll-devices=\"small-visibility,medium-visibility,large-visibility\"><div class=\"fusion-column-wrapper fusion-column-has-shadow fusion-flex-justify-content-flex-start fusion-content-layout-column\"><\/div><\/div><div class=\"fusion-layout-column fusion_builder_column fusion-builder-column-2 fusion-flex-column fusion-flex-align-self-flex-start layout_smjestaj_istrazi id-21289\" style=\"--awb-padding-top:0px;--awb-padding-right:0px;--awb-padding-bottom:0px;--awb-padding-left:0px;--awb-padding-right-small:15px;--awb-padding-left-small:15px;--awb-bg-size:cover;--awb-width-large:15%;--awb-margin-top-large:0px;--awb-spacing-right-large:0px;--awb-margin-bottom-large:0px;--awb-spacing-left-large:0px;--awb-width-medium:15%;--awb-order-medium:0;--awb-spacing-right-medium:0px;--awb-spacing-left-medium:0px;--awb-width-small:100%;--awb-order-small:0;--awb-spacing-right-small:1.92%;--awb-spacing-left-small:1.92%;\" data-scroll-devices=\"small-visibility,medium-visibility,large-visibility\"><div class=\"fusion-column-wrapper fusion-column-has-shadow fusion-flex-justify-content-flex-start fusion-content-layout-column\"><div class=\"fusion-separator fusion-full-width-sep\" style=\"align-self: center;margin-left: auto;margin-right: auto;margin-top:10px;width:100%;\"><\/div><div class=\"fusion-separator fusion-no-medium-visibility fusion-no-large-visibility fusion-full-width-sep\" style=\"align-self: center;margin-left: auto;margin-right: auto;margin-top:30px;width:100%;\"><\/div><div class=\"fusion-text fusion-text-2\">     <ul style=\"--awb-size:20px;--awb-margin-top:0px;--awb-margin-right:0px;--awb-margin-bottom:0px;--awb-margin-left:0px;--awb-item-padding-top:0px;--awb-item-padding-right:0px;--awb-item-padding-bottom:0px;--awb-item-padding-left:0px;--awb-line-height:34px;--awb-icon-width:34px;--awb-icon-height:34px;--awb-icon-margin:14px;--awb-content-margin:48px;\" class=\"fusion-checklist fusion-checklist-1 type-icons\">\n         <li class=\"fusion-li-item\" style=\"\">\n            <span class=\"icon-wrapper circle-no\">\n                <i class=\"fusion-li-icon icon-Plava_Visitrijeka\" aria-hidden=\"true\"><\/i>\n            <\/span>\n            <div class=\"fusion-li-item-content\">\n                <h3><strong>explora.<\/strong><\/h3>\n            <\/div>\n        <\/li>\n    <\/ul>\n    \n<\/div><\/div><\/div><\/div><\/div>\n<div class=\"fusion-fullwidth fullwidth-box fusion-builder-row-2 fusion-flex-container has-pattern-background has-mask-background nonhundred-percent-fullwidth non-hundred-percent-height-scrolling\" style=\"--awb-border-radius-top-left:0px;--awb-border-radius-top-right:0px;--awb-border-radius-bottom-right:0px;--awb-border-radius-bottom-left:0px;--awb-padding-right-small:15px;--awb-padding-left-small:15px;--awb-margin-top:0px;--awb-flex-wrap:wrap;\" ><div class=\"fusion-builder-row fusion-row fusion-flex-align-items-flex-start fusion-flex-justify-content-center fusion-flex-content-wrap\" style=\"max-width:1414.4px;margin-left: calc(-4% \/ 2 );margin-right: calc(-4% \/ 2 );\"><div class=\"fusion-layout-column fusion_builder_column fusion-builder-column-3 fusion_builder_column_1_3 1_3 fusion-flex-column layout_smjestaj_podaciizbaze id-21289\" style=\"--awb-padding-top:40px;--awb-padding-right:20px;--awb-padding-bottom:40px;--awb-padding-left:20px;--awb-padding-top-small:20px;--awb-padding-right-small:20px;--awb-padding-bottom-small:20px;--awb-padding-left-small:20px;--awb-overflow:hidden;--awb-bg-size:cover;--awb-box-shadow:5px 5px 19px 2px var(--awb-color2);;--awb-border-color:var(--awb-color3);--awb-border-top:1px;--awb-border-right:1px;--awb-border-bottom:1px;--awb-border-left:1px;--awb-border-style:solid;--awb-border-radius:10px 10px 10px 10px;--awb-width-large:33.333333333333%;--awb-margin-top-large:100px;--awb-spacing-right-large:5.76%;--awb-margin-bottom-large:0px;--awb-spacing-left-large:5.76%;--awb-width-medium:33.333333333333%;--awb-order-medium:0;--awb-spacing-right-medium:5.76%;--awb-spacing-left-medium:5.76%;--awb-width-small:100%;--awb-order-small:3;--awb-margin-top-small:0;--awb-spacing-right-small:1.92%;--awb-spacing-left-small:1.92%;\"><div class=\"fusion-column-wrapper fusion-column-has-shadow fusion-flex-justify-content-flex-start fusion-content-layout-column\"><ul style=\"--awb-line-height:25.5px;--awb-icon-width:25.5px;--awb-icon-height:25.5px;--awb-icon-margin:10.5px;--awb-content-margin:36px;\" class=\"fusion-checklist fusion-checklist-1 fusion-checklist-default type-icons\"><li class=\"fusion-li-item\" style=\"\"><span class=\"icon-wrapper circle-no\"><i class=\"fusion-li-icon fa-angle-right fas\" aria-hidden=\"true\"><\/i><\/span><div class=\"fusion-li-item-content\"><span class=\"objekt-meta adresa\">Park Nikole Hosta 2, 51000 Rijeka<\/span><\/div><\/li><li class=\"fusion-li-item\" style=\"\"><span class=\"icon-wrapper circle-no\"><i class=\"fusion-li-icon fa-angle-right fas\" aria-hidden=\"true\"><\/i><\/span><div class=\"fusion-li-item-content\">\n<span class=\"smjestaj-meta telefon\">+385 51 336 445<\/span>\n<\/div><\/li><li class=\"fusion-li-item\" style=\"\"><span class=\"icon-wrapper circle-no\"><i class=\"fusion-li-icon fa-angle-right fas\" aria-hidden=\"true\"><\/i><\/span><div class=\"fusion-li-item-content\"><\/div><\/li><li class=\"fusion-li-item\" style=\"\"><span class=\"icon-wrapper circle-no\"><i class=\"fusion-li-icon fa-angle-right fas\" aria-hidden=\"true\"><\/i><\/span><div class=\"fusion-li-item-content\"><\/div><\/li><\/ul><\/div><\/div><div class=\"fusion-layout-column fusion_builder_column fusion-builder-column-4 fusion_builder_column_2_3 2_3 fusion-flex-column privitak_sa_ikonom slovoodlomka_veliko id-21289\" style=\"--awb-bg-size:cover;--awb-width-large:66.666666666667%;--awb-margin-top-large:0px;--awb-spacing-right-large:2.88%;--awb-margin-bottom-large:0px;--awb-spacing-left-large:2.88%;--awb-width-medium:66.666666666667%;--awb-order-medium:0;--awb-spacing-right-medium:2.88%;--awb-spacing-left-medium:2.88%;--awb-width-small:100%;--awb-order-small:2;--awb-spacing-right-small:1.92%;--awb-spacing-left-small:1.92%;\"><div class=\"fusion-column-wrapper fusion-column-has-shadow fusion-flex-justify-content-flex-start fusion-content-layout-column\"><div class=\"fusion-text fusion-text-3\"><p>En el siglo\u00a0XVIII el bar\u00f3n Michael Androcha orden\u00f3 construir una mansi\u00f3n rodeada de vi\u00f1edos y olivares en la colina justo encima de la muralla norte de la ciudad. Esta villa cambi\u00f3 en numerosas ocasiones de propietario pasando por c\u00f3nsules, alcaldes, empresarios de las familias Orlando y Pasquale, y de personajes como Andrija Ljudevit Adami\u0107, John Leard, Giovanni Ciotta y el bar\u00f3n Vranyczany, hasta que finalmente lleg\u00f3 con su familia a Rijeka el primo del emperador austro-h\u00fangaro Francisco Jos\u00e9\u00a0I, el archiduque Jos\u00e9 de Habsburgo (Bratislava 1833 &#8211; Rijeka 1905), ling\u00fcista apasionado, investigador de la cultura gitana y bot\u00e1nico. En 1881 compr\u00f3 una villa para su residencia de invierno en la que se alojar\u00eda con su esposa la archiduquesa Klotilde y sus siete hijos. Debido a la necesidad de ajuste a las costumbres de la vida de la corte y a las reuniones de la aristocracia, orden\u00f3 la reconstrucci\u00f3n radical del edificio en 1892 de acuerdo con el proyecto dise\u00f1ado por los renombrados Raffaelo y Pietro Culotti. As\u00ed fue construido un edificio monumental, con muchos balcones, atrios, logias y miradores, con fachadas abundantemente adornadas. Los interiores est\u00e1n repletos de salones: comedor, gabinete, dormitorio, cuarto de ba\u00f1o y capilla familiar, caracterizada por su riqueza arquitect\u00f3nica. Alrededor de la Villas Giuseppe hab\u00eda un parque de abundante vegetaci\u00f3n ex\u00f3tica y culturas aut\u00f3ctonas, fuentes, jardines, pasarelas, piscinas y viveros de plantas proyectados por Isidor Vauchnig. A finales del siglo\u00a0XIX, este jard\u00edn bot\u00e1nico privado se convirti\u00f3 en el parque m\u00e1s grande y rico de plantas en Rijeka, y a\u00fan hoy se conserva parte de su belleza original, como muestra el Parque de Nikola Host. A partir del a\u00f1o 1926 la Villa es la sede del Archivo Estatal de Rijeka y est\u00e1 abierta al p\u00fablico que, adem\u00e1s de pasear por el interior, puede visitar algunas de las exposiciones atractivas en las salas de exposici\u00f3n del Archivo.<\/p>\n<\/div><\/div><\/div><\/div><\/div><div class=\"fusion-fullwidth fullwidth-box fusion-builder-row-3 fusion-flex-container has-pattern-background has-mask-background nonhundred-percent-fullwidth non-hundred-percent-height-scrolling\" style=\"--awb-border-radius-top-left:0px;--awb-border-radius-top-right:0px;--awb-border-radius-bottom-right:0px;--awb-border-radius-bottom-left:0px;--awb-margin-top:0px;--awb-flex-wrap:wrap;\" ><div class=\"fusion-builder-row fusion-row fusion-flex-align-items-flex-start fusion-flex-justify-content-center fusion-flex-content-wrap\" style=\"max-width:1414.4px;margin-left: calc(-4% \/ 2 );margin-right: calc(-4% \/ 2 );\"><div class=\"fusion-layout-column fusion_builder_column fusion-builder-column-5 fusion_builder_column_1_1 1_1 fusion-flex-column privitak_sa_ikonom id-21289\" style=\"--awb-bg-size:cover;--awb-width-large:100%;--awb-margin-top-large:0px;--awb-spacing-right-large:1.92%;--awb-margin-bottom-large:0px;--awb-spacing-left-large:1.92%;--awb-width-medium:100%;--awb-order-medium:0;--awb-spacing-right-medium:1.92%;--awb-spacing-left-medium:1.92%;--awb-width-small:100%;--awb-order-small:0;--awb-spacing-right-small:1.92%;--awb-spacing-left-small:1.92%;\"><div class=\"fusion-column-wrapper fusion-column-has-shadow fusion-flex-justify-content-flex-start fusion-content-layout-column\"><div class=\"fusion-text fusion-text-4\" style=\"--awb-margin-top:25px;\"><\/div><\/div><\/div><\/div><\/div><\/p>\n","protected":false},"excerpt":{"rendered":"","protected":false},"author":3,"featured_media":14290,"comment_status":"closed","ping_status":"closed","sticky":false,"template":"","format":"standard","meta":{"_acf_changed":false,"inline_featured_image":false,"footnotes":""},"categories":[245],"tags":[],"class_list":["post-21289","post","type-post","status-publish","format-standard","has-post-thumbnail","hentry","category-arquitectura"],"acf":[],"yoast_head":"<!-- This site is optimized with the Yoast SEO plugin v25.7 - https:\/\/yoast.com\/wordpress\/plugins\/seo\/ -->\n<title>Archivo Estatal de Rijeka - Visit Rijeka<\/title>\n<meta name=\"robots\" content=\"index, follow, max-snippet:-1, max-image-preview:large, max-video-preview:-1\" \/>\n<link rel=\"canonical\" href=\"https:\/\/dev.visitrijeka.com.hr\/es\/archivo-estatal-de-rijeka\/\" \/>\n<meta property=\"og:locale\" content=\"es_ES\" \/>\n<meta property=\"og:type\" content=\"article\" \/>\n<meta property=\"og:title\" content=\"Archivo Estatal de Rijeka - Visit Rijeka\" \/>\n<meta property=\"og:url\" content=\"https:\/\/dev.visitrijeka.com.hr\/es\/archivo-estatal-de-rijeka\/\" \/>\n<meta property=\"og:site_name\" content=\"Visit Rijeka\" \/>\n<meta property=\"article:publisher\" content=\"https:\/\/www.facebook.com\/VisitRijeka\" \/>\n<meta property=\"article:published_time\" content=\"2023-03-24T11:41:29+00:00\" \/>\n<meta property=\"article:modified_time\" content=\"2023-05-17T12:35:10+00:00\" \/>\n<meta property=\"og:image\" content=\"https:\/\/dev.visitrijeka.com.hr\/wp-content\/uploads\/2023\/03\/Drzavni-arhiv-1-glavna.jpg\" \/>\n\t<meta property=\"og:image:width\" content=\"1920\" \/>\n\t<meta property=\"og:image:height\" content=\"1440\" \/>\n\t<meta property=\"og:image:type\" content=\"image\/jpeg\" \/>\n<meta name=\"author\" content=\"SWA Objave\" \/>\n<meta name=\"twitter:card\" content=\"summary_large_image\" \/>\n<meta name=\"twitter:label1\" content=\"Escrito por\" \/>\n\t<meta name=\"twitter:data1\" content=\"SWA Objave\" \/>\n\t<meta name=\"twitter:label2\" content=\"Tiempo de lectura\" \/>\n\t<meta name=\"twitter:data2\" content=\"13 minutos\" \/>\n<script type=\"application\/ld+json\" class=\"yoast-schema-graph\">{\"@context\":\"https:\/\/schema.org\",\"@graph\":[{\"@type\":\"Article\",\"@id\":\"https:\/\/dev.visitrijeka.com.hr\/es\/archivo-estatal-de-rijeka\/#article\",\"isPartOf\":{\"@id\":\"https:\/\/dev.visitrijeka.com.hr\/es\/archivo-estatal-de-rijeka\/\"},\"author\":{\"name\":\"SWA Objave\",\"@id\":\"https:\/\/dev.visitrijeka.com.hr\/it\/#\/schema\/person\/88920e99a8f2312c7cc0cf75192bf9b7\"},\"headline\":\"Archivo Estatal de Rijeka\",\"datePublished\":\"2023-03-24T11:41:29+00:00\",\"dateModified\":\"2023-05-17T12:35:10+00:00\",\"mainEntityOfPage\":{\"@id\":\"https:\/\/dev.visitrijeka.com.hr\/es\/archivo-estatal-de-rijeka\/\"},\"wordCount\":2626,\"publisher\":{\"@id\":\"https:\/\/dev.visitrijeka.com.hr\/it\/#organization\"},\"image\":{\"@id\":\"https:\/\/dev.visitrijeka.com.hr\/es\/archivo-estatal-de-rijeka\/#primaryimage\"},\"thumbnailUrl\":\"https:\/\/dev.visitrijeka.com.hr\/wp-content\/uploads\/2023\/03\/Drzavni-arhiv-1-glavna.jpg\",\"articleSection\":[\"Arquitectura\"],\"inLanguage\":\"es\"},{\"@type\":\"WebPage\",\"@id\":\"https:\/\/dev.visitrijeka.com.hr\/es\/archivo-estatal-de-rijeka\/\",\"url\":\"https:\/\/dev.visitrijeka.com.hr\/es\/archivo-estatal-de-rijeka\/\",\"name\":\"Archivo Estatal de Rijeka - Visit Rijeka\",\"isPartOf\":{\"@id\":\"https:\/\/dev.visitrijeka.com.hr\/it\/#website\"},\"primaryImageOfPage\":{\"@id\":\"https:\/\/dev.visitrijeka.com.hr\/es\/archivo-estatal-de-rijeka\/#primaryimage\"},\"image\":{\"@id\":\"https:\/\/dev.visitrijeka.com.hr\/es\/archivo-estatal-de-rijeka\/#primaryimage\"},\"thumbnailUrl\":\"https:\/\/dev.visitrijeka.com.hr\/wp-content\/uploads\/2023\/03\/Drzavni-arhiv-1-glavna.jpg\",\"datePublished\":\"2023-03-24T11:41:29+00:00\",\"dateModified\":\"2023-05-17T12:35:10+00:00\",\"breadcrumb\":{\"@id\":\"https:\/\/dev.visitrijeka.com.hr\/es\/archivo-estatal-de-rijeka\/#breadcrumb\"},\"inLanguage\":\"es\",\"potentialAction\":[{\"@type\":\"ReadAction\",\"target\":[\"https:\/\/dev.visitrijeka.com.hr\/es\/archivo-estatal-de-rijeka\/\"]}]},{\"@type\":\"ImageObject\",\"inLanguage\":\"es\",\"@id\":\"https:\/\/dev.visitrijeka.com.hr\/es\/archivo-estatal-de-rijeka\/#primaryimage\",\"url\":\"https:\/\/dev.visitrijeka.com.hr\/wp-content\/uploads\/2023\/03\/Drzavni-arhiv-1-glavna.jpg\",\"contentUrl\":\"https:\/\/dev.visitrijeka.com.hr\/wp-content\/uploads\/2023\/03\/Drzavni-arhiv-1-glavna.jpg\",\"width\":1920,\"height\":1440,\"caption\":\"Dr\u017eavni arhiv\"},{\"@type\":\"BreadcrumbList\",\"@id\":\"https:\/\/dev.visitrijeka.com.hr\/es\/archivo-estatal-de-rijeka\/#breadcrumb\",\"itemListElement\":[{\"@type\":\"ListItem\",\"position\":1,\"name\":\"Po\u010detna stranica\",\"item\":\"https:\/\/dev.visitrijeka.com.hr\/rijeka-advent-home\/\"},{\"@type\":\"ListItem\",\"position\":2,\"name\":\"EXPLORA\",\"item\":\"https:\/\/dev.visitrijeka.com.hr\/es\/category\/explora\/\"},{\"@type\":\"ListItem\",\"position\":3,\"name\":\"Ciudad\",\"item\":\"https:\/\/dev.visitrijeka.com.hr\/es\/category\/explora\/ciudad\/\"},{\"@type\":\"ListItem\",\"position\":4,\"name\":\"Arquitectura\",\"item\":\"https:\/\/dev.visitrijeka.com.hr\/es\/category\/explora\/ciudad\/arquitectura\/\"},{\"@type\":\"ListItem\",\"position\":5,\"name\":\"Archivo Estatal de Rijeka\"}]},{\"@type\":\"WebSite\",\"@id\":\"https:\/\/dev.visitrijeka.com.hr\/it\/#website\",\"url\":\"https:\/\/dev.visitrijeka.com.hr\/it\/\",\"name\":\"Visit Rijeka\",\"description\":\"Grad koji te\u010de....\",\"publisher\":{\"@id\":\"https:\/\/dev.visitrijeka.com.hr\/it\/#organization\"},\"potentialAction\":[{\"@type\":\"SearchAction\",\"target\":{\"@type\":\"EntryPoint\",\"urlTemplate\":\"https:\/\/dev.visitrijeka.com.hr\/it\/?s={search_term_string}\"},\"query-input\":{\"@type\":\"PropertyValueSpecification\",\"valueRequired\":true,\"valueName\":\"search_term_string\"}}],\"inLanguage\":\"es\"},{\"@type\":\"Organization\",\"@id\":\"https:\/\/dev.visitrijeka.com.hr\/it\/#organization\",\"name\":\"Visit Rijeka\",\"url\":\"https:\/\/dev.visitrijeka.com.hr\/it\/\",\"logo\":{\"@type\":\"ImageObject\",\"inLanguage\":\"es\",\"@id\":\"https:\/\/dev.visitrijeka.com.hr\/it\/#\/schema\/logo\/image\/\",\"url\":\"https:\/\/dev.visitrijeka.com.hr\/wp-content\/uploads\/2023\/02\/Logo_Visit_rijeka_460.svg\",\"contentUrl\":\"https:\/\/dev.visitrijeka.com.hr\/wp-content\/uploads\/2023\/02\/Logo_Visit_rijeka_460.svg\",\"width\":100,\"height\":100,\"caption\":\"Visit Rijeka\"},\"image\":{\"@id\":\"https:\/\/dev.visitrijeka.com.hr\/it\/#\/schema\/logo\/image\/\"},\"sameAs\":[\"https:\/\/www.facebook.com\/VisitRijeka\"]},{\"@type\":\"Person\",\"@id\":\"https:\/\/dev.visitrijeka.com.hr\/it\/#\/schema\/person\/88920e99a8f2312c7cc0cf75192bf9b7\",\"name\":\"SWA Objave\"}]}<\/script>\n<!-- \/ Yoast SEO plugin. -->","yoast_head_json":{"title":"Archivo Estatal de Rijeka - Visit Rijeka","robots":{"index":"index","follow":"follow","max-snippet":"max-snippet:-1","max-image-preview":"max-image-preview:large","max-video-preview":"max-video-preview:-1"},"canonical":"https:\/\/dev.visitrijeka.com.hr\/es\/archivo-estatal-de-rijeka\/","og_locale":"es_ES","og_type":"article","og_title":"Archivo Estatal de Rijeka - Visit Rijeka","og_url":"https:\/\/dev.visitrijeka.com.hr\/es\/archivo-estatal-de-rijeka\/","og_site_name":"Visit Rijeka","article_publisher":"https:\/\/www.facebook.com\/VisitRijeka","article_published_time":"2023-03-24T11:41:29+00:00","article_modified_time":"2023-05-17T12:35:10+00:00","og_image":[{"width":1920,"height":1440,"url":"https:\/\/dev.visitrijeka.com.hr\/wp-content\/uploads\/2023\/03\/Drzavni-arhiv-1-glavna.jpg","type":"image\/jpeg"}],"author":"SWA Objave","twitter_card":"summary_large_image","twitter_misc":{"Escrito por":"SWA Objave","Tiempo de lectura":"13 minutos"},"schema":{"@context":"https:\/\/schema.org","@graph":[{"@type":"Article","@id":"https:\/\/dev.visitrijeka.com.hr\/es\/archivo-estatal-de-rijeka\/#article","isPartOf":{"@id":"https:\/\/dev.visitrijeka.com.hr\/es\/archivo-estatal-de-rijeka\/"},"author":{"name":"SWA Objave","@id":"https:\/\/dev.visitrijeka.com.hr\/it\/#\/schema\/person\/88920e99a8f2312c7cc0cf75192bf9b7"},"headline":"Archivo Estatal de Rijeka","datePublished":"2023-03-24T11:41:29+00:00","dateModified":"2023-05-17T12:35:10+00:00","mainEntityOfPage":{"@id":"https:\/\/dev.visitrijeka.com.hr\/es\/archivo-estatal-de-rijeka\/"},"wordCount":2626,"publisher":{"@id":"https:\/\/dev.visitrijeka.com.hr\/it\/#organization"},"image":{"@id":"https:\/\/dev.visitrijeka.com.hr\/es\/archivo-estatal-de-rijeka\/#primaryimage"},"thumbnailUrl":"https:\/\/dev.visitrijeka.com.hr\/wp-content\/uploads\/2023\/03\/Drzavni-arhiv-1-glavna.jpg","articleSection":["Arquitectura"],"inLanguage":"es"},{"@type":"WebPage","@id":"https:\/\/dev.visitrijeka.com.hr\/es\/archivo-estatal-de-rijeka\/","url":"https:\/\/dev.visitrijeka.com.hr\/es\/archivo-estatal-de-rijeka\/","name":"Archivo Estatal de Rijeka - Visit Rijeka","isPartOf":{"@id":"https:\/\/dev.visitrijeka.com.hr\/it\/#website"},"primaryImageOfPage":{"@id":"https:\/\/dev.visitrijeka.com.hr\/es\/archivo-estatal-de-rijeka\/#primaryimage"},"image":{"@id":"https:\/\/dev.visitrijeka.com.hr\/es\/archivo-estatal-de-rijeka\/#primaryimage"},"thumbnailUrl":"https:\/\/dev.visitrijeka.com.hr\/wp-content\/uploads\/2023\/03\/Drzavni-arhiv-1-glavna.jpg","datePublished":"2023-03-24T11:41:29+00:00","dateModified":"2023-05-17T12:35:10+00:00","breadcrumb":{"@id":"https:\/\/dev.visitrijeka.com.hr\/es\/archivo-estatal-de-rijeka\/#breadcrumb"},"inLanguage":"es","potentialAction":[{"@type":"ReadAction","target":["https:\/\/dev.visitrijeka.com.hr\/es\/archivo-estatal-de-rijeka\/"]}]},{"@type":"ImageObject","inLanguage":"es","@id":"https:\/\/dev.visitrijeka.com.hr\/es\/archivo-estatal-de-rijeka\/#primaryimage","url":"https:\/\/dev.visitrijeka.com.hr\/wp-content\/uploads\/2023\/03\/Drzavni-arhiv-1-glavna.jpg","contentUrl":"https:\/\/dev.visitrijeka.com.hr\/wp-content\/uploads\/2023\/03\/Drzavni-arhiv-1-glavna.jpg","width":1920,"height":1440,"caption":"Dr\u017eavni arhiv"},{"@type":"BreadcrumbList","@id":"https:\/\/dev.visitrijeka.com.hr\/es\/archivo-estatal-de-rijeka\/#breadcrumb","itemListElement":[{"@type":"ListItem","position":1,"name":"Po\u010detna stranica","item":"https:\/\/dev.visitrijeka.com.hr\/rijeka-advent-home\/"},{"@type":"ListItem","position":2,"name":"EXPLORA","item":"https:\/\/dev.visitrijeka.com.hr\/es\/category\/explora\/"},{"@type":"ListItem","position":3,"name":"Ciudad","item":"https:\/\/dev.visitrijeka.com.hr\/es\/category\/explora\/ciudad\/"},{"@type":"ListItem","position":4,"name":"Arquitectura","item":"https:\/\/dev.visitrijeka.com.hr\/es\/category\/explora\/ciudad\/arquitectura\/"},{"@type":"ListItem","position":5,"name":"Archivo Estatal de Rijeka"}]},{"@type":"WebSite","@id":"https:\/\/dev.visitrijeka.com.hr\/it\/#website","url":"https:\/\/dev.visitrijeka.com.hr\/it\/","name":"Visit Rijeka","description":"Grad koji te\u010de....","publisher":{"@id":"https:\/\/dev.visitrijeka.com.hr\/it\/#organization"},"potentialAction":[{"@type":"SearchAction","target":{"@type":"EntryPoint","urlTemplate":"https:\/\/dev.visitrijeka.com.hr\/it\/?s={search_term_string}"},"query-input":{"@type":"PropertyValueSpecification","valueRequired":true,"valueName":"search_term_string"}}],"inLanguage":"es"},{"@type":"Organization","@id":"https:\/\/dev.visitrijeka.com.hr\/it\/#organization","name":"Visit Rijeka","url":"https:\/\/dev.visitrijeka.com.hr\/it\/","logo":{"@type":"ImageObject","inLanguage":"es","@id":"https:\/\/dev.visitrijeka.com.hr\/it\/#\/schema\/logo\/image\/","url":"https:\/\/dev.visitrijeka.com.hr\/wp-content\/uploads\/2023\/02\/Logo_Visit_rijeka_460.svg","contentUrl":"https:\/\/dev.visitrijeka.com.hr\/wp-content\/uploads\/2023\/02\/Logo_Visit_rijeka_460.svg","width":100,"height":100,"caption":"Visit Rijeka"},"image":{"@id":"https:\/\/dev.visitrijeka.com.hr\/it\/#\/schema\/logo\/image\/"},"sameAs":["https:\/\/www.facebook.com\/VisitRijeka"]},{"@type":"Person","@id":"https:\/\/dev.visitrijeka.com.hr\/it\/#\/schema\/person\/88920e99a8f2312c7cc0cf75192bf9b7","name":"SWA Objave"}]}},"_links":{"self":[{"href":"https:\/\/dev.visitrijeka.com.hr\/es\/wp-json\/wp\/v2\/posts\/21289","targetHints":{"allow":["GET"]}}],"collection":[{"href":"https:\/\/dev.visitrijeka.com.hr\/es\/wp-json\/wp\/v2\/posts"}],"about":[{"href":"https:\/\/dev.visitrijeka.com.hr\/es\/wp-json\/wp\/v2\/types\/post"}],"author":[{"embeddable":true,"href":"https:\/\/dev.visitrijeka.com.hr\/es\/wp-json\/wp\/v2\/users\/3"}],"replies":[{"embeddable":true,"href":"https:\/\/dev.visitrijeka.com.hr\/es\/wp-json\/wp\/v2\/comments?post=21289"}],"version-history":[{"count":2,"href":"https:\/\/dev.visitrijeka.com.hr\/es\/wp-json\/wp\/v2\/posts\/21289\/revisions"}],"predecessor-version":[{"id":21314,"href":"https:\/\/dev.visitrijeka.com.hr\/es\/wp-json\/wp\/v2\/posts\/21289\/revisions\/21314"}],"wp:featuredmedia":[{"embeddable":true,"href":"https:\/\/dev.visitrijeka.com.hr\/es\/wp-json\/wp\/v2\/media\/14290"}],"wp:attachment":[{"href":"https:\/\/dev.visitrijeka.com.hr\/es\/wp-json\/wp\/v2\/media?parent=21289"}],"wp:term":[{"taxonomy":"category","embeddable":true,"href":"https:\/\/dev.visitrijeka.com.hr\/es\/wp-json\/wp\/v2\/categories?post=21289"},{"taxonomy":"post_tag","embeddable":true,"href":"https:\/\/dev.visitrijeka.com.hr\/es\/wp-json\/wp\/v2\/tags?post=21289"}],"curies":[{"name":"wp","href":"https:\/\/api.w.org\/{rel}","templated":true}]}}