{"id":21786,"date":"2023-03-27T13:53:22","date_gmt":"2023-03-27T11:53:22","guid":{"rendered":"https:\/\/dev.visitrijeka.com.hr\/park-mlaka\/"},"modified":"2023-05-22T09:06:28","modified_gmt":"2023-05-22T07:06:28","slug":"parque-mlaka","status":"publish","type":"post","link":"https:\/\/dev.visitrijeka.com.hr\/es\/parque-mlaka\/","title":{"rendered":"Parque Mlaka"},"content":{"rendered":"<p><div class=\"fusion-fullwidth fullwidth-box fusion-builder-row-1 fusion-flex-container has-pattern-background has-mask-background nonhundred-percent-fullwidth non-hundred-percent-height-scrolling\" style=\"--awb-border-radius-top-left:0px;--awb-border-radius-top-right:0px;--awb-border-radius-bottom-right:0px;--awb-border-radius-bottom-left:0px;--awb-padding-top:0px;--awb-padding-right:0px;--awb-padding-bottom:0px;--awb-padding-left:0px;--awb-margin-top:-140px;--awb-flex-wrap:wrap;\" ><div class=\"fusion-builder-row fusion-row fusion-flex-align-items-flex-start fusion-flex-justify-content-center fusion-flex-content-wrap\" style=\"max-width:1414.4px;margin-left: calc(-4% \/ 2 );margin-right: calc(-4% \/ 2 );\"><div class=\"fusion-layout-column fusion_builder_column fusion-builder-column-0 fusion_builder_column_1_6 1_6 fusion-flex-column fusion-flex-align-self-flex-start id-21786\" style=\"--awb-padding-top:0px;--awb-padding-right:0px;--awb-padding-bottom:0px;--awb-padding-left:0px;--awb-bg-color:rgba(255,255,255,0);--awb-bg-color-hover:rgba(255,255,255,0);--awb-bg-size:cover;--awb-border-color:#c1c1c1;--awb-border-style:solid;--awb-width-large:16.666666666667%;--awb-margin-top-large:0px;--awb-spacing-right-large:5px;--awb-margin-bottom-large:0px;--awb-spacing-left-large:5px;--awb-width-medium:16.666666666667%;--awb-order-medium:0;--awb-spacing-right-medium:5px;--awb-spacing-left-medium:5px;--awb-width-small:100%;--awb-order-small:0;--awb-spacing-right-small:1.92%;--awb-spacing-left-small:1.92%;\" data-scroll-devices=\"small-visibility,medium-visibility,large-visibility\"><div class=\"fusion-column-wrapper fusion-column-has-shadow fusion-flex-justify-content-flex-start fusion-content-layout-column\"><div class=\"fusion-text fusion-text-1\">    <div class=\"post-categories-grid\">\n        <\/div>\n    \n<\/div><\/div><\/div><div class=\"fusion-layout-column fusion_builder_column fusion-builder-column-1 fusion-flex-column fusion-flex-align-self-flex-start id-21786\" style=\"--awb-padding-top:0px;--awb-padding-right:0px;--awb-padding-bottom:0px;--awb-padding-left:0px;--awb-bg-size:cover;--awb-width-large:68%;--awb-margin-top-large:0px;--awb-spacing-right-large:0px;--awb-margin-bottom-large:0px;--awb-spacing-left-large:0px;--awb-width-medium:68%;--awb-order-medium:0;--awb-spacing-right-medium:0px;--awb-spacing-left-medium:0px;--awb-width-small:100%;--awb-order-small:0;--awb-spacing-right-small:1.92%;--awb-spacing-left-small:1.92%;\" data-scroll-devices=\"small-visibility,medium-visibility,large-visibility\"><div class=\"fusion-column-wrapper fusion-column-has-shadow fusion-flex-justify-content-flex-start fusion-content-layout-column\"><\/div><\/div><div class=\"fusion-layout-column fusion_builder_column fusion-builder-column-2 fusion-flex-column fusion-flex-align-self-flex-start layout_smjestaj_istrazi id-21786\" style=\"--awb-padding-top:0px;--awb-padding-right:0px;--awb-padding-bottom:0px;--awb-padding-left:0px;--awb-padding-right-small:15px;--awb-padding-left-small:15px;--awb-bg-size:cover;--awb-width-large:15%;--awb-margin-top-large:0px;--awb-spacing-right-large:0px;--awb-margin-bottom-large:0px;--awb-spacing-left-large:0px;--awb-width-medium:15%;--awb-order-medium:0;--awb-spacing-right-medium:0px;--awb-spacing-left-medium:0px;--awb-width-small:100%;--awb-order-small:0;--awb-spacing-right-small:1.92%;--awb-spacing-left-small:1.92%;\" data-scroll-devices=\"small-visibility,medium-visibility,large-visibility\"><div class=\"fusion-column-wrapper fusion-column-has-shadow fusion-flex-justify-content-flex-start fusion-content-layout-column\"><div class=\"fusion-separator fusion-full-width-sep\" style=\"align-self: center;margin-left: auto;margin-right: auto;margin-top:10px;width:100%;\"><\/div><div class=\"fusion-separator fusion-no-medium-visibility fusion-no-large-visibility fusion-full-width-sep\" style=\"align-self: center;margin-left: auto;margin-right: auto;margin-top:30px;width:100%;\"><\/div><div class=\"fusion-text fusion-text-2\">     <ul style=\"--awb-size:20px;--awb-margin-top:0px;--awb-margin-right:0px;--awb-margin-bottom:0px;--awb-margin-left:0px;--awb-item-padding-top:0px;--awb-item-padding-right:0px;--awb-item-padding-bottom:0px;--awb-item-padding-left:0px;--awb-line-height:34px;--awb-icon-width:34px;--awb-icon-height:34px;--awb-icon-margin:14px;--awb-content-margin:48px;\" class=\"fusion-checklist fusion-checklist-1 type-icons\">\n         <li class=\"fusion-li-item\" style=\"\">\n            <span class=\"icon-wrapper circle-no\">\n                <i class=\"fusion-li-icon icon-Plava_Visitrijeka\" aria-hidden=\"true\"><\/i>\n            <\/span>\n            <div class=\"fusion-li-item-content\">\n                <h3><strong>explora.<\/strong><\/h3>\n            <\/div>\n        <\/li>\n    <\/ul>\n    \n<\/div><\/div><\/div><\/div><\/div>\n<div class=\"fusion-fullwidth fullwidth-box fusion-builder-row-2 fusion-flex-container has-pattern-background has-mask-background nonhundred-percent-fullwidth non-hundred-percent-height-scrolling\" style=\"--awb-border-radius-top-left:0px;--awb-border-radius-top-right:0px;--awb-border-radius-bottom-right:0px;--awb-border-radius-bottom-left:0px;--awb-padding-right-small:15px;--awb-padding-left-small:15px;--awb-margin-top:0px;--awb-flex-wrap:wrap;\" ><div class=\"fusion-builder-row fusion-row fusion-flex-align-items-flex-start fusion-flex-justify-content-center fusion-flex-content-wrap\" style=\"max-width:1414.4px;margin-left: calc(-4% \/ 2 );margin-right: calc(-4% \/ 2 );\"><div class=\"fusion-layout-column fusion_builder_column fusion-builder-column-3 fusion_builder_column_1_3 1_3 fusion-flex-column layout_smjestaj_podaciizbaze id-21786\" style=\"--awb-padding-top:40px;--awb-padding-right:20px;--awb-padding-bottom:40px;--awb-padding-left:20px;--awb-padding-top-small:20px;--awb-padding-right-small:20px;--awb-padding-bottom-small:20px;--awb-padding-left-small:20px;--awb-overflow:hidden;--awb-bg-size:cover;--awb-box-shadow:5px 5px 19px 2px var(--awb-color2);;--awb-border-color:var(--awb-color3);--awb-border-top:1px;--awb-border-right:1px;--awb-border-bottom:1px;--awb-border-left:1px;--awb-border-style:solid;--awb-border-radius:10px 10px 10px 10px;--awb-width-large:33.333333333333%;--awb-margin-top-large:100px;--awb-spacing-right-large:5.76%;--awb-margin-bottom-large:0px;--awb-spacing-left-large:5.76%;--awb-width-medium:33.333333333333%;--awb-order-medium:0;--awb-spacing-right-medium:5.76%;--awb-spacing-left-medium:5.76%;--awb-width-small:100%;--awb-order-small:3;--awb-margin-top-small:0;--awb-spacing-right-small:1.92%;--awb-spacing-left-small:1.92%;\"><div class=\"fusion-column-wrapper fusion-column-has-shadow fusion-flex-justify-content-flex-start fusion-content-layout-column\"><ul style=\"--awb-line-height:25.5px;--awb-icon-width:25.5px;--awb-icon-height:25.5px;--awb-icon-margin:10.5px;--awb-content-margin:36px;\" class=\"fusion-checklist fusion-checklist-1 fusion-checklist-default type-icons\"><li class=\"fusion-li-item\" style=\"\"><span class=\"icon-wrapper circle-no\"><i class=\"fusion-li-icon fa-angle-right fas\" aria-hidden=\"true\"><\/i><\/span><div class=\"fusion-li-item-content\"><span class=\"objekt-meta adresa\">Kre\u0161imirova ul. 60, 51000 Rijeka<\/span><\/div><\/li><li class=\"fusion-li-item\" style=\"\"><span class=\"icon-wrapper circle-no\"><i class=\"fusion-li-icon fa-angle-right fas\" aria-hidden=\"true\"><\/i><\/span><div class=\"fusion-li-item-content\">\n\n<\/div><\/li><li class=\"fusion-li-item\" style=\"\"><span class=\"icon-wrapper circle-no\"><i class=\"fusion-li-icon fa-angle-right fas\" aria-hidden=\"true\"><\/i><\/span><div class=\"fusion-li-item-content\"><\/div><\/li><li class=\"fusion-li-item\" style=\"\"><span class=\"icon-wrapper circle-no\"><i class=\"fusion-li-icon fa-angle-right fas\" aria-hidden=\"true\"><\/i><\/span><div class=\"fusion-li-item-content\"><\/div><\/li><\/ul><\/div><\/div><div class=\"fusion-layout-column fusion_builder_column fusion-builder-column-4 fusion_builder_column_2_3 2_3 fusion-flex-column privitak_sa_ikonom slovoodlomka_veliko id-21786\" style=\"--awb-bg-size:cover;--awb-width-large:66.666666666667%;--awb-margin-top-large:0px;--awb-spacing-right-large:2.88%;--awb-margin-bottom-large:0px;--awb-spacing-left-large:2.88%;--awb-width-medium:66.666666666667%;--awb-order-medium:0;--awb-spacing-right-medium:2.88%;--awb-spacing-left-medium:2.88%;--awb-width-small:100%;--awb-order-small:2;--awb-spacing-right-small:1.92%;--awb-spacing-left-small:1.92%;\"><div class=\"fusion-column-wrapper fusion-column-has-shadow fusion-flex-justify-content-flex-start fusion-content-layout-column\"><div class=\"fusion-text fusion-text-3\"><p>El parque Mlaka, m\u00e1s conocido como Giardino Pubblico, es uno de los parques m\u00e1s antiguos y hermosos de Rijeka. Fue dise\u00f1ado en 1874 por el Dr. Filiberto Bazarig de acuerdo con las sugerencias del alcalde G. de Ciotta en un terreno que compr\u00f3 el municipio del bar\u00f3n Juraj Vranyczany. En esta parcela abundaban manantiales de agua dulce, lo que probablemente influy\u00f3 en la elecci\u00f3n de la ubicaci\u00f3n del parque por parte del alcalde de Ciotta. El \u00e1rea de la ciudad, conocida como Cecilino, recibi\u00f3 su nombre de la antigua capilla de Santa Cecilia, patrona de la m\u00fasica, construido cerca del arroyo que atravesaba el parque al este.<\/p>\n<p>El parque surgi\u00f3 en una ladera orientada al sur, soleada y bien protegida del viento, cubri\u00f3 un \u00e1rea de 37.000 m\u00b2, y estaba compuesto de dos partes. La entrada principal al parque en aquel entonces se llamaba Corsia Deak, hoy es la calle Kre\u0161imirova.<\/p>\n<p>La base herb\u00e1cea de la parte superior del parque, situada en una pendiente suave, estaba formada por un bosque de robles y laurel.<\/p>\n<p>En la planta y en la parte superior del parque se observan tres terrazas de diferentes alturas. B\u00e1sicamente entre la terraza inferior y la media, bajo la ladera cubierta de laureles y durillo, se coloc\u00f3 la piscina rectangular forrada con piedra de cantera natural en la que un nadaron peces dorados. A cada lado de la piscina creci\u00f3 una secuoya de hoja perenne, y a lo largo del borde occidental de la terraza m\u00e1s grande se levantaron varios viejos cedros pintorescos.<\/p>\n<p>La parte inferior del parque, enmarcada por el arquitecto, el Dr. F. Bazarig, estaba rodeada por una valla ricamente decorada hecha de hierro forjado. Detr\u00e1s de la valla, en el terreno cubierto de maleza y arena, abarcaba un c\u00e9sped con vigas florales, semicerrado con vegetaci\u00f3n alta.<\/p>\n<p>El parque Mlaka, que se encuentra en el cruce de dos zonas de la ciudad, ha sido durante muchos a\u00f1os un lugar de encuentro en la ciudad, una \u00abescena p\u00fablica\u00bb, donde se organizan los conciertos, donde los trabajadores llevaron a cabo m\u00edtines de mayo, y los alumnos y los estudiantes aprenden.<\/p>\n<p>Con el tiempo, el parque ha perdido su papel activo en la vida de la ciudad. En los a\u00f1os treinta del siglo pasado, al borde de su lado occidental, se construy\u00f3 un hogar social, hoy es la \u201cCasa de la Uni\u00f3n 3 de mayo\u201d, y en los a\u00f1os sesenta en el extremo oriental del parque, se construy\u00f3 un nuevo centro recreativo en la Refiner\u00eda de petr\u00f3leo INA.<\/p>\n<p>La principal intervenci\u00f3n en la transformaci\u00f3n de este parque se realiz\u00f3 en 1951, tras construir una nueva carretera que iba alrededor de la zona industrial en la parte occidental de la ciudad. Bajo la supervisi\u00f3n de los arquitectos Zdenko Sila y Zdenko Kolacio, se llev\u00f3 a cabo la remodelaci\u00f3n de la parte inferior del parque, mientras que la parte superior del parque retuvo la apariencia de la \u00e9poca austroh\u00fangara.<\/p>\n<\/div><\/div><\/div><\/div><\/div><div class=\"fusion-fullwidth fullwidth-box fusion-builder-row-3 fusion-flex-container has-pattern-background has-mask-background nonhundred-percent-fullwidth non-hundred-percent-height-scrolling\" style=\"--awb-border-radius-top-left:0px;--awb-border-radius-top-right:0px;--awb-border-radius-bottom-right:0px;--awb-border-radius-bottom-left:0px;--awb-margin-top:0px;--awb-flex-wrap:wrap;\" ><div class=\"fusion-builder-row fusion-row fusion-flex-align-items-flex-start fusion-flex-justify-content-center fusion-flex-content-wrap\" style=\"max-width:1414.4px;margin-left: calc(-4% \/ 2 );margin-right: calc(-4% \/ 2 );\"><div class=\"fusion-layout-column fusion_builder_column fusion-builder-column-5 fusion_builder_column_1_1 1_1 fusion-flex-column privitak_sa_ikonom id-21786\" style=\"--awb-bg-size:cover;--awb-width-large:100%;--awb-margin-top-large:0px;--awb-spacing-right-large:1.92%;--awb-margin-bottom-large:0px;--awb-spacing-left-large:1.92%;--awb-width-medium:100%;--awb-order-medium:0;--awb-spacing-right-medium:1.92%;--awb-spacing-left-medium:1.92%;--awb-width-small:100%;--awb-order-small:0;--awb-spacing-right-small:1.92%;--awb-spacing-left-small:1.92%;\"><div class=\"fusion-column-wrapper fusion-column-has-shadow fusion-flex-justify-content-flex-start fusion-content-layout-column\"><div class=\"fusion-text fusion-text-4\" style=\"--awb-margin-top:25px;\"><\/div><\/div><\/div><\/div><\/div><\/p>\n","protected":false},"excerpt":{"rendered":"","protected":false},"author":3,"featured_media":14705,"comment_status":"closed","ping_status":"closed","sticky":false,"template":"","format":"standard","meta":{"_acf_changed":false,"inline_featured_image":false,"footnotes":""},"categories":[229,230],"tags":[],"class_list":["post-21786","post","type-post","status-publish","format-standard","has-post-thumbnail","hentry","category-ciudad","category-parques"],"acf":[],"yoast_head":"<!-- This site is optimized with the Yoast SEO plugin v25.7 - https:\/\/yoast.com\/wordpress\/plugins\/seo\/ -->\n<title>Parque Mlaka - Visit Rijeka<\/title>\n<meta name=\"robots\" content=\"index, follow, max-snippet:-1, max-image-preview:large, max-video-preview:-1\" \/>\n<link rel=\"canonical\" href=\"https:\/\/dev.visitrijeka.com.hr\/es\/parque-mlaka\/\" \/>\n<meta property=\"og:locale\" content=\"es_ES\" \/>\n<meta property=\"og:type\" content=\"article\" \/>\n<meta property=\"og:title\" content=\"Parque Mlaka - Visit Rijeka\" \/>\n<meta property=\"og:url\" content=\"https:\/\/dev.visitrijeka.com.hr\/es\/parque-mlaka\/\" \/>\n<meta property=\"og:site_name\" content=\"Visit Rijeka\" \/>\n<meta property=\"article:publisher\" content=\"https:\/\/www.facebook.com\/VisitRijeka\" \/>\n<meta property=\"article:published_time\" content=\"2023-03-27T11:53:22+00:00\" \/>\n<meta property=\"article:modified_time\" content=\"2023-05-22T07:06:28+00:00\" \/>\n<meta property=\"og:image\" content=\"https:\/\/dev.visitrijeka.com.hr\/wp-content\/uploads\/2023\/03\/Park-Mlaka-.jpg\" \/>\n\t<meta property=\"og:image:width\" content=\"1920\" \/>\n\t<meta property=\"og:image:height\" content=\"1440\" \/>\n\t<meta property=\"og:image:type\" content=\"image\/jpeg\" \/>\n<meta name=\"author\" content=\"SWA Objave\" \/>\n<meta name=\"twitter:card\" content=\"summary_large_image\" \/>\n<meta name=\"twitter:label1\" content=\"Escrito por\" \/>\n\t<meta name=\"twitter:data1\" content=\"SWA Objave\" \/>\n\t<meta name=\"twitter:label2\" content=\"Tiempo de lectura\" \/>\n\t<meta name=\"twitter:data2\" content=\"10 minutos\" \/>\n<script type=\"application\/ld+json\" class=\"yoast-schema-graph\">{\"@context\":\"https:\/\/schema.org\",\"@graph\":[{\"@type\":\"Article\",\"@id\":\"https:\/\/dev.visitrijeka.com.hr\/es\/parque-mlaka\/#article\",\"isPartOf\":{\"@id\":\"https:\/\/dev.visitrijeka.com.hr\/es\/parque-mlaka\/\"},\"author\":{\"name\":\"SWA Objave\",\"@id\":\"https:\/\/dev.visitrijeka.com.hr\/it\/#\/schema\/person\/88920e99a8f2312c7cc0cf75192bf9b7\"},\"headline\":\"Parque Mlaka\",\"datePublished\":\"2023-03-27T11:53:22+00:00\",\"dateModified\":\"2023-05-22T07:06:28+00:00\",\"mainEntityOfPage\":{\"@id\":\"https:\/\/dev.visitrijeka.com.hr\/es\/parque-mlaka\/\"},\"wordCount\":1916,\"publisher\":{\"@id\":\"https:\/\/dev.visitrijeka.com.hr\/it\/#organization\"},\"image\":{\"@id\":\"https:\/\/dev.visitrijeka.com.hr\/es\/parque-mlaka\/#primaryimage\"},\"thumbnailUrl\":\"https:\/\/dev.visitrijeka.com.hr\/wp-content\/uploads\/2023\/03\/Park-Mlaka-.jpg\",\"articleSection\":[\"Ciudad\",\"Parques\"],\"inLanguage\":\"es\"},{\"@type\":\"WebPage\",\"@id\":\"https:\/\/dev.visitrijeka.com.hr\/es\/parque-mlaka\/\",\"url\":\"https:\/\/dev.visitrijeka.com.hr\/es\/parque-mlaka\/\",\"name\":\"Parque Mlaka - Visit Rijeka\",\"isPartOf\":{\"@id\":\"https:\/\/dev.visitrijeka.com.hr\/it\/#website\"},\"primaryImageOfPage\":{\"@id\":\"https:\/\/dev.visitrijeka.com.hr\/es\/parque-mlaka\/#primaryimage\"},\"image\":{\"@id\":\"https:\/\/dev.visitrijeka.com.hr\/es\/parque-mlaka\/#primaryimage\"},\"thumbnailUrl\":\"https:\/\/dev.visitrijeka.com.hr\/wp-content\/uploads\/2023\/03\/Park-Mlaka-.jpg\",\"datePublished\":\"2023-03-27T11:53:22+00:00\",\"dateModified\":\"2023-05-22T07:06:28+00:00\",\"breadcrumb\":{\"@id\":\"https:\/\/dev.visitrijeka.com.hr\/es\/parque-mlaka\/#breadcrumb\"},\"inLanguage\":\"es\",\"potentialAction\":[{\"@type\":\"ReadAction\",\"target\":[\"https:\/\/dev.visitrijeka.com.hr\/es\/parque-mlaka\/\"]}]},{\"@type\":\"ImageObject\",\"inLanguage\":\"es\",\"@id\":\"https:\/\/dev.visitrijeka.com.hr\/es\/parque-mlaka\/#primaryimage\",\"url\":\"https:\/\/dev.visitrijeka.com.hr\/wp-content\/uploads\/2023\/03\/Park-Mlaka-.jpg\",\"contentUrl\":\"https:\/\/dev.visitrijeka.com.hr\/wp-content\/uploads\/2023\/03\/Park-Mlaka-.jpg\",\"width\":1920,\"height\":1440,\"caption\":\"Park Mlaka\"},{\"@type\":\"BreadcrumbList\",\"@id\":\"https:\/\/dev.visitrijeka.com.hr\/es\/parque-mlaka\/#breadcrumb\",\"itemListElement\":[{\"@type\":\"ListItem\",\"position\":1,\"name\":\"Po\u010detna stranica\",\"item\":\"https:\/\/dev.visitrijeka.com.hr\/rijeka-advent-home\/\"},{\"@type\":\"ListItem\",\"position\":2,\"name\":\"EXPLORA\",\"item\":\"https:\/\/dev.visitrijeka.com.hr\/es\/category\/explora\/\"},{\"@type\":\"ListItem\",\"position\":3,\"name\":\"Ciudad\",\"item\":\"https:\/\/dev.visitrijeka.com.hr\/es\/category\/explora\/ciudad\/\"},{\"@type\":\"ListItem\",\"position\":4,\"name\":\"Parques\",\"item\":\"https:\/\/dev.visitrijeka.com.hr\/es\/category\/explora\/ciudad\/parques\/\"},{\"@type\":\"ListItem\",\"position\":5,\"name\":\"Parque Mlaka\"}]},{\"@type\":\"WebSite\",\"@id\":\"https:\/\/dev.visitrijeka.com.hr\/it\/#website\",\"url\":\"https:\/\/dev.visitrijeka.com.hr\/it\/\",\"name\":\"Visit Rijeka\",\"description\":\"Grad koji te\u010de....\",\"publisher\":{\"@id\":\"https:\/\/dev.visitrijeka.com.hr\/it\/#organization\"},\"potentialAction\":[{\"@type\":\"SearchAction\",\"target\":{\"@type\":\"EntryPoint\",\"urlTemplate\":\"https:\/\/dev.visitrijeka.com.hr\/it\/?s={search_term_string}\"},\"query-input\":{\"@type\":\"PropertyValueSpecification\",\"valueRequired\":true,\"valueName\":\"search_term_string\"}}],\"inLanguage\":\"es\"},{\"@type\":\"Organization\",\"@id\":\"https:\/\/dev.visitrijeka.com.hr\/it\/#organization\",\"name\":\"Visit Rijeka\",\"url\":\"https:\/\/dev.visitrijeka.com.hr\/it\/\",\"logo\":{\"@type\":\"ImageObject\",\"inLanguage\":\"es\",\"@id\":\"https:\/\/dev.visitrijeka.com.hr\/it\/#\/schema\/logo\/image\/\",\"url\":\"https:\/\/dev.visitrijeka.com.hr\/wp-content\/uploads\/2023\/02\/Logo_Visit_rijeka_460.svg\",\"contentUrl\":\"https:\/\/dev.visitrijeka.com.hr\/wp-content\/uploads\/2023\/02\/Logo_Visit_rijeka_460.svg\",\"width\":100,\"height\":100,\"caption\":\"Visit Rijeka\"},\"image\":{\"@id\":\"https:\/\/dev.visitrijeka.com.hr\/it\/#\/schema\/logo\/image\/\"},\"sameAs\":[\"https:\/\/www.facebook.com\/VisitRijeka\"]},{\"@type\":\"Person\",\"@id\":\"https:\/\/dev.visitrijeka.com.hr\/it\/#\/schema\/person\/88920e99a8f2312c7cc0cf75192bf9b7\",\"name\":\"SWA Objave\"}]}<\/script>\n<!-- \/ Yoast SEO plugin. -->","yoast_head_json":{"title":"Parque Mlaka - Visit Rijeka","robots":{"index":"index","follow":"follow","max-snippet":"max-snippet:-1","max-image-preview":"max-image-preview:large","max-video-preview":"max-video-preview:-1"},"canonical":"https:\/\/dev.visitrijeka.com.hr\/es\/parque-mlaka\/","og_locale":"es_ES","og_type":"article","og_title":"Parque Mlaka - Visit Rijeka","og_url":"https:\/\/dev.visitrijeka.com.hr\/es\/parque-mlaka\/","og_site_name":"Visit Rijeka","article_publisher":"https:\/\/www.facebook.com\/VisitRijeka","article_published_time":"2023-03-27T11:53:22+00:00","article_modified_time":"2023-05-22T07:06:28+00:00","og_image":[{"width":1920,"height":1440,"url":"https:\/\/dev.visitrijeka.com.hr\/wp-content\/uploads\/2023\/03\/Park-Mlaka-.jpg","type":"image\/jpeg"}],"author":"SWA Objave","twitter_card":"summary_large_image","twitter_misc":{"Escrito por":"SWA Objave","Tiempo de lectura":"10 minutos"},"schema":{"@context":"https:\/\/schema.org","@graph":[{"@type":"Article","@id":"https:\/\/dev.visitrijeka.com.hr\/es\/parque-mlaka\/#article","isPartOf":{"@id":"https:\/\/dev.visitrijeka.com.hr\/es\/parque-mlaka\/"},"author":{"name":"SWA Objave","@id":"https:\/\/dev.visitrijeka.com.hr\/it\/#\/schema\/person\/88920e99a8f2312c7cc0cf75192bf9b7"},"headline":"Parque Mlaka","datePublished":"2023-03-27T11:53:22+00:00","dateModified":"2023-05-22T07:06:28+00:00","mainEntityOfPage":{"@id":"https:\/\/dev.visitrijeka.com.hr\/es\/parque-mlaka\/"},"wordCount":1916,"publisher":{"@id":"https:\/\/dev.visitrijeka.com.hr\/it\/#organization"},"image":{"@id":"https:\/\/dev.visitrijeka.com.hr\/es\/parque-mlaka\/#primaryimage"},"thumbnailUrl":"https:\/\/dev.visitrijeka.com.hr\/wp-content\/uploads\/2023\/03\/Park-Mlaka-.jpg","articleSection":["Ciudad","Parques"],"inLanguage":"es"},{"@type":"WebPage","@id":"https:\/\/dev.visitrijeka.com.hr\/es\/parque-mlaka\/","url":"https:\/\/dev.visitrijeka.com.hr\/es\/parque-mlaka\/","name":"Parque Mlaka - Visit Rijeka","isPartOf":{"@id":"https:\/\/dev.visitrijeka.com.hr\/it\/#website"},"primaryImageOfPage":{"@id":"https:\/\/dev.visitrijeka.com.hr\/es\/parque-mlaka\/#primaryimage"},"image":{"@id":"https:\/\/dev.visitrijeka.com.hr\/es\/parque-mlaka\/#primaryimage"},"thumbnailUrl":"https:\/\/dev.visitrijeka.com.hr\/wp-content\/uploads\/2023\/03\/Park-Mlaka-.jpg","datePublished":"2023-03-27T11:53:22+00:00","dateModified":"2023-05-22T07:06:28+00:00","breadcrumb":{"@id":"https:\/\/dev.visitrijeka.com.hr\/es\/parque-mlaka\/#breadcrumb"},"inLanguage":"es","potentialAction":[{"@type":"ReadAction","target":["https:\/\/dev.visitrijeka.com.hr\/es\/parque-mlaka\/"]}]},{"@type":"ImageObject","inLanguage":"es","@id":"https:\/\/dev.visitrijeka.com.hr\/es\/parque-mlaka\/#primaryimage","url":"https:\/\/dev.visitrijeka.com.hr\/wp-content\/uploads\/2023\/03\/Park-Mlaka-.jpg","contentUrl":"https:\/\/dev.visitrijeka.com.hr\/wp-content\/uploads\/2023\/03\/Park-Mlaka-.jpg","width":1920,"height":1440,"caption":"Park Mlaka"},{"@type":"BreadcrumbList","@id":"https:\/\/dev.visitrijeka.com.hr\/es\/parque-mlaka\/#breadcrumb","itemListElement":[{"@type":"ListItem","position":1,"name":"Po\u010detna stranica","item":"https:\/\/dev.visitrijeka.com.hr\/rijeka-advent-home\/"},{"@type":"ListItem","position":2,"name":"EXPLORA","item":"https:\/\/dev.visitrijeka.com.hr\/es\/category\/explora\/"},{"@type":"ListItem","position":3,"name":"Ciudad","item":"https:\/\/dev.visitrijeka.com.hr\/es\/category\/explora\/ciudad\/"},{"@type":"ListItem","position":4,"name":"Parques","item":"https:\/\/dev.visitrijeka.com.hr\/es\/category\/explora\/ciudad\/parques\/"},{"@type":"ListItem","position":5,"name":"Parque Mlaka"}]},{"@type":"WebSite","@id":"https:\/\/dev.visitrijeka.com.hr\/it\/#website","url":"https:\/\/dev.visitrijeka.com.hr\/it\/","name":"Visit Rijeka","description":"Grad koji te\u010de....","publisher":{"@id":"https:\/\/dev.visitrijeka.com.hr\/it\/#organization"},"potentialAction":[{"@type":"SearchAction","target":{"@type":"EntryPoint","urlTemplate":"https:\/\/dev.visitrijeka.com.hr\/it\/?s={search_term_string}"},"query-input":{"@type":"PropertyValueSpecification","valueRequired":true,"valueName":"search_term_string"}}],"inLanguage":"es"},{"@type":"Organization","@id":"https:\/\/dev.visitrijeka.com.hr\/it\/#organization","name":"Visit Rijeka","url":"https:\/\/dev.visitrijeka.com.hr\/it\/","logo":{"@type":"ImageObject","inLanguage":"es","@id":"https:\/\/dev.visitrijeka.com.hr\/it\/#\/schema\/logo\/image\/","url":"https:\/\/dev.visitrijeka.com.hr\/wp-content\/uploads\/2023\/02\/Logo_Visit_rijeka_460.svg","contentUrl":"https:\/\/dev.visitrijeka.com.hr\/wp-content\/uploads\/2023\/02\/Logo_Visit_rijeka_460.svg","width":100,"height":100,"caption":"Visit Rijeka"},"image":{"@id":"https:\/\/dev.visitrijeka.com.hr\/it\/#\/schema\/logo\/image\/"},"sameAs":["https:\/\/www.facebook.com\/VisitRijeka"]},{"@type":"Person","@id":"https:\/\/dev.visitrijeka.com.hr\/it\/#\/schema\/person\/88920e99a8f2312c7cc0cf75192bf9b7","name":"SWA Objave"}]}},"_links":{"self":[{"href":"https:\/\/dev.visitrijeka.com.hr\/es\/wp-json\/wp\/v2\/posts\/21786","targetHints":{"allow":["GET"]}}],"collection":[{"href":"https:\/\/dev.visitrijeka.com.hr\/es\/wp-json\/wp\/v2\/posts"}],"about":[{"href":"https:\/\/dev.visitrijeka.com.hr\/es\/wp-json\/wp\/v2\/types\/post"}],"author":[{"embeddable":true,"href":"https:\/\/dev.visitrijeka.com.hr\/es\/wp-json\/wp\/v2\/users\/3"}],"replies":[{"embeddable":true,"href":"https:\/\/dev.visitrijeka.com.hr\/es\/wp-json\/wp\/v2\/comments?post=21786"}],"version-history":[{"count":3,"href":"https:\/\/dev.visitrijeka.com.hr\/es\/wp-json\/wp\/v2\/posts\/21786\/revisions"}],"predecessor-version":[{"id":21805,"href":"https:\/\/dev.visitrijeka.com.hr\/es\/wp-json\/wp\/v2\/posts\/21786\/revisions\/21805"}],"wp:featuredmedia":[{"embeddable":true,"href":"https:\/\/dev.visitrijeka.com.hr\/es\/wp-json\/wp\/v2\/media\/14705"}],"wp:attachment":[{"href":"https:\/\/dev.visitrijeka.com.hr\/es\/wp-json\/wp\/v2\/media?parent=21786"}],"wp:term":[{"taxonomy":"category","embeddable":true,"href":"https:\/\/dev.visitrijeka.com.hr\/es\/wp-json\/wp\/v2\/categories?post=21786"},{"taxonomy":"post_tag","embeddable":true,"href":"https:\/\/dev.visitrijeka.com.hr\/es\/wp-json\/wp\/v2\/tags?post=21786"}],"curies":[{"name":"wp","href":"https:\/\/api.w.org\/{rel}","templated":true}]}}