{"id":19694,"date":"2023-05-08T11:27:16","date_gmt":"2023-05-08T09:27:16","guid":{"rendered":"https:\/\/dev.visitrijeka.com.hr\/drzavni-praznici\/"},"modified":"2024-03-18T15:17:00","modified_gmt":"2024-03-18T14:17:00","slug":"jours-feries","status":"publish","type":"post","link":"https:\/\/dev.visitrijeka.com.hr\/fr\/jours-feries\/","title":{"rendered":"Jours f\u00e9ri\u00e9s"},"content":{"rendered":"<p><div class=\"fusion-fullwidth fullwidth-box fusion-builder-row-1 fusion-flex-container has-pattern-background has-mask-background nonhundred-percent-fullwidth non-hundred-percent-height-scrolling\" style=\"--awb-border-radius-top-left:0px;--awb-border-radius-top-right:0px;--awb-border-radius-bottom-right:0px;--awb-border-radius-bottom-left:0px;--awb-padding-top:0px;--awb-padding-right:0px;--awb-padding-bottom:0px;--awb-padding-left:0px;--awb-margin-top:-140px;--awb-flex-wrap:wrap;\" ><div class=\"fusion-builder-row fusion-row fusion-flex-align-items-flex-start fusion-flex-justify-content-center fusion-flex-content-wrap\" style=\"max-width:1414.4px;margin-left: calc(-4% \/ 2 );margin-right: calc(-4% \/ 2 );\"><div class=\"fusion-layout-column fusion_builder_column fusion-builder-column-0 fusion_builder_column_1_6 1_6 fusion-flex-column fusion-flex-align-self-flex-start id-19694\" style=\"--awb-padding-top:0px;--awb-padding-right:0px;--awb-padding-bottom:0px;--awb-padding-left:0px;--awb-bg-size:cover;--awb-border-color:#c1c1c1;--awb-border-style:solid;--awb-width-large:16.666666666667%;--awb-margin-top-large:0px;--awb-spacing-right-large:5px;--awb-margin-bottom-large:0px;--awb-spacing-left-large:5px;--awb-width-medium:16.666666666667%;--awb-order-medium:0;--awb-spacing-right-medium:5px;--awb-spacing-left-medium:5px;--awb-width-small:100%;--awb-order-small:0;--awb-spacing-right-small:1.92%;--awb-spacing-left-small:1.92%;\" data-scroll-devices=\"small-visibility,medium-visibility,large-visibility\"><div class=\"fusion-column-wrapper fusion-column-has-shadow fusion-flex-justify-content-flex-start fusion-content-layout-column\"><div class=\"fusion-text fusion-text-1\">    <div class=\"post-categories-grid\">\n        <\/div>\n    \n<\/div><\/div><\/div><div class=\"fusion-layout-column fusion_builder_column fusion-builder-column-1 fusion-flex-column fusion-flex-align-self-flex-start id-19694\" style=\"--awb-padding-top:0px;--awb-padding-right:0px;--awb-padding-bottom:0px;--awb-padding-left:0px;--awb-bg-size:cover;--awb-width-large:68%;--awb-margin-top-large:0px;--awb-spacing-right-large:0px;--awb-margin-bottom-large:0px;--awb-spacing-left-large:0px;--awb-width-medium:68%;--awb-order-medium:0;--awb-spacing-right-medium:0px;--awb-spacing-left-medium:0px;--awb-width-small:100%;--awb-order-small:0;--awb-spacing-right-small:1.92%;--awb-spacing-left-small:1.92%;\" data-scroll-devices=\"small-visibility,medium-visibility,large-visibility\"><div class=\"fusion-column-wrapper fusion-column-has-shadow fusion-flex-justify-content-flex-start fusion-content-layout-column\"><\/div><\/div><div class=\"fusion-layout-column fusion_builder_column fusion-builder-column-2 fusion-flex-column fusion-flex-align-self-flex-start layout_smjestaj_istrazi id-19694\" style=\"--awb-padding-top:0px;--awb-padding-right:0px;--awb-padding-bottom:0px;--awb-padding-left:0px;--awb-padding-right-small:15px;--awb-padding-left-small:15px;--awb-bg-size:cover;--awb-width-large:15%;--awb-margin-top-large:0px;--awb-spacing-right-large:0px;--awb-margin-bottom-large:0px;--awb-spacing-left-large:0px;--awb-width-medium:15%;--awb-order-medium:0;--awb-spacing-right-medium:0px;--awb-spacing-left-medium:0px;--awb-width-small:100%;--awb-order-small:0;--awb-spacing-right-small:1.92%;--awb-spacing-left-small:1.92%;\" data-scroll-devices=\"small-visibility,medium-visibility,large-visibility\"><div class=\"fusion-column-wrapper fusion-column-has-shadow fusion-flex-justify-content-flex-start fusion-content-layout-column\"><div class=\"fusion-separator fusion-full-width-sep\" style=\"align-self: center;margin-left: auto;margin-right: auto;margin-top:10px;width:100%;\"><\/div><div class=\"fusion-separator fusion-no-medium-visibility fusion-no-large-visibility fusion-full-width-sep\" style=\"align-self: center;margin-left: auto;margin-right: auto;margin-top:30px;width:100%;\"><\/div><div class=\"fusion-text fusion-text-2\">     <ul style=\"--awb-size:20px;--awb-margin-top:0px;--awb-margin-right:0px;--awb-margin-bottom:0px;--awb-margin-left:0px;--awb-item-padding-top:0px;--awb-item-padding-right:0px;--awb-item-padding-bottom:0px;--awb-item-padding-left:0px;--awb-line-height:34px;--awb-icon-width:34px;--awb-icon-height:34px;--awb-icon-margin:14px;--awb-content-margin:48px;\" class=\"fusion-checklist fusion-checklist-1 type-icons\">\n         <li class=\"fusion-li-item\" style=\"\">\n            <span class=\"icon-wrapper circle-no\">\n                <i class=\"fusion-li-icon icon-Plava_Visitrijeka\" aria-hidden=\"true\"><\/i>\n            <\/span>\n            <div class=\"fusion-li-item-content\">\n                <h3><strong>planifie.<\/strong><\/h3>\n            <\/div>\n        <\/li>\n    <\/ul>\n    \n<\/div><\/div><\/div><\/div><\/div>\n<div class=\"fusion-fullwidth fullwidth-box fusion-builder-row-2 fusion-flex-container has-pattern-background has-mask-background nonhundred-percent-fullwidth non-hundred-percent-height-scrolling\" style=\"--awb-border-radius-top-left:0px;--awb-border-radius-top-right:0px;--awb-border-radius-bottom-right:0px;--awb-border-radius-bottom-left:0px;--awb-padding-right-small:15px;--awb-padding-left-small:15px;--awb-margin-top:0px;--awb-flex-wrap:wrap;\" ><div class=\"fusion-builder-row fusion-row fusion-flex-align-items-flex-start fusion-flex-justify-content-center fusion-flex-content-wrap\" style=\"max-width:1414.4px;margin-left: calc(-4% \/ 2 );margin-right: calc(-4% \/ 2 );\"><div class=\"fusion-layout-column fusion_builder_column fusion-builder-column-3 fusion_builder_column_2_3 2_3 fusion-flex-column privitak_sa_ikonom slovoodlomka_veliko id-19694\" style=\"--awb-bg-size:cover;--awb-width-large:66.666666666667%;--awb-margin-top-large:0px;--awb-spacing-right-large:2.88%;--awb-margin-bottom-large:0px;--awb-spacing-left-large:2.88%;--awb-width-medium:66.666666666667%;--awb-order-medium:0;--awb-spacing-right-medium:2.88%;--awb-spacing-left-medium:2.88%;--awb-width-small:100%;--awb-order-small:2;--awb-spacing-right-small:1.92%;--awb-spacing-left-small:1.92%;\"><div class=\"fusion-column-wrapper fusion-column-has-shadow fusion-flex-justify-content-flex-start fusion-content-layout-column\"><div class=\"fusion-text fusion-text-3\"><p>2024<\/p>\n<p>01\/01 <b>Le Jour de l&rsquo;An<\/b><\/p>\n<p>06\/01 <b>L\u2019Epiphanie ou F\u00eate des Rois<\/b><\/p>\n<p>31\/03 <b>P\u00e2ques<\/b><\/p>\n<p>01\/04 <b>Lundi de P\u00e2ques<\/b><\/p>\n<p>01\/05 <b>F\u00eate du Travail<\/b><\/p>\n<p>30\/05 <b>F\u00eate nationale<\/b><\/p>\n<p>30\/05 <b>F\u00eate-Dieu<\/b><\/p>\n<p>22\/06 <b>Journ\u00e9e de la Lutte antifasciste<\/b><\/p>\n<p>05\/08 <b>Jour de la Victoire et de la reconnaissance \u00e0 la patrie<\/b><\/p>\n<p>15\/08 <b>Assomption<\/b><\/p>\n<p>01\/11 <b>Toussaint<\/b><\/p>\n<p>18\/11 <b>Jour du Souvenir<\/b><\/p>\n<p>25\/12 <b>No\u00ebl<\/b><\/p>\n<p>26\/12 <b>Saint-Etienne<\/b><\/p>\n<\/div><\/div><\/div><\/div><\/div><div class=\"fusion-fullwidth fullwidth-box fusion-builder-row-3 fusion-flex-container has-pattern-background has-mask-background nonhundred-percent-fullwidth non-hundred-percent-height-scrolling\" style=\"--awb-border-radius-top-left:0px;--awb-border-radius-top-right:0px;--awb-border-radius-bottom-right:0px;--awb-border-radius-bottom-left:0px;--awb-margin-top:0px;--awb-flex-wrap:wrap;\" ><div class=\"fusion-builder-row fusion-row fusion-flex-align-items-flex-start fusion-flex-justify-content-center fusion-flex-content-wrap\" style=\"max-width:1414.4px;margin-left: calc(-4% \/ 2 );margin-right: calc(-4% \/ 2 );\"><div class=\"fusion-layout-column fusion_builder_column fusion-builder-column-4 fusion_builder_column_1_1 1_1 fusion-flex-column privitak_sa_ikonom id-19694\" style=\"--awb-bg-size:cover;--awb-width-large:100%;--awb-margin-top-large:0px;--awb-spacing-right-large:1.92%;--awb-margin-bottom-large:0px;--awb-spacing-left-large:1.92%;--awb-width-medium:100%;--awb-order-medium:0;--awb-spacing-right-medium:1.92%;--awb-spacing-left-medium:1.92%;--awb-width-small:100%;--awb-order-small:0;--awb-spacing-right-small:1.92%;--awb-spacing-left-small:1.92%;\"><div class=\"fusion-column-wrapper fusion-column-has-shadow fusion-flex-justify-content-flex-start fusion-content-layout-column\"><\/div><\/div><\/div><\/div><\/p>\n","protected":false},"excerpt":{"rendered":"<p>Jours f\u00e9ri\u00e9s (Le Jour de l&rsquo;An, L\u2019Epiphanie ou F\u00eate des Rois, P\u00e2ques&#8230;<\/p>\n","protected":false},"author":3,"featured_media":17735,"comment_status":"closed","ping_status":"closed","sticky":false,"template":"","format":"standard","meta":{"_acf_changed":false,"inline_featured_image":false,"footnotes":""},"categories":[209],"tags":[],"class_list":["post-19694","post","type-post","status-publish","format-standard","has-post-thumbnail","hentry","category-informations-utiles"],"acf":[],"yoast_head":"<!-- This site is optimized with the Yoast SEO plugin v25.7 - https:\/\/yoast.com\/wordpress\/plugins\/seo\/ -->\n<title>Jours f\u00e9ri\u00e9s - Visit Rijeka<\/title>\n<meta name=\"robots\" content=\"index, follow, max-snippet:-1, max-image-preview:large, max-video-preview:-1\" \/>\n<link rel=\"canonical\" href=\"https:\/\/dev.visitrijeka.com.hr\/fr\/jours-feries\/\" \/>\n<meta property=\"og:locale\" content=\"fr_FR\" \/>\n<meta property=\"og:type\" content=\"article\" \/>\n<meta property=\"og:title\" content=\"Jours f\u00e9ri\u00e9s - Visit Rijeka\" \/>\n<meta property=\"og:description\" content=\"Jours f\u00e9ri\u00e9s (Le Jour de l&#039;An, L\u2019Epiphanie ou F\u00eate des Rois, P\u00e2ques...\" \/>\n<meta property=\"og:url\" content=\"https:\/\/dev.visitrijeka.com.hr\/fr\/jours-feries\/\" \/>\n<meta property=\"og:site_name\" content=\"Visit Rijeka\" \/>\n<meta property=\"article:publisher\" content=\"https:\/\/www.facebook.com\/VisitRijeka\" \/>\n<meta property=\"article:published_time\" content=\"2023-05-08T09:27:16+00:00\" \/>\n<meta property=\"article:modified_time\" content=\"2024-03-18T14:17:00+00:00\" \/>\n<meta property=\"og:image\" content=\"https:\/\/dev.visitrijeka.com.hr\/wp-content\/uploads\/2023\/05\/Drzavni-praznici-min.jpg\" \/>\n\t<meta property=\"og:image:width\" content=\"709\" \/>\n\t<meta property=\"og:image:height\" content=\"472\" \/>\n\t<meta property=\"og:image:type\" content=\"image\/jpeg\" \/>\n<meta name=\"author\" content=\"SWA Objave\" \/>\n<meta name=\"twitter:card\" content=\"summary_large_image\" \/>\n<meta name=\"twitter:label1\" content=\"\u00c9crit par\" \/>\n\t<meta name=\"twitter:data1\" content=\"SWA Objave\" \/>\n\t<meta name=\"twitter:label2\" content=\"Dur\u00e9e de lecture estim\u00e9e\" \/>\n\t<meta name=\"twitter:data2\" content=\"1 minute\" \/>\n<script type=\"application\/ld+json\" class=\"yoast-schema-graph\">{\"@context\":\"https:\/\/schema.org\",\"@graph\":[{\"@type\":\"Article\",\"@id\":\"https:\/\/dev.visitrijeka.com.hr\/fr\/jours-feries\/#article\",\"isPartOf\":{\"@id\":\"https:\/\/dev.visitrijeka.com.hr\/fr\/jours-feries\/\"},\"author\":{\"name\":\"SWA Objave\",\"@id\":\"https:\/\/dev.visitrijeka.com.hr\/it\/#\/schema\/person\/88920e99a8f2312c7cc0cf75192bf9b7\"},\"headline\":\"Jours f\u00e9ri\u00e9s\",\"datePublished\":\"2023-05-08T09:27:16+00:00\",\"dateModified\":\"2024-03-18T14:17:00+00:00\",\"mainEntityOfPage\":{\"@id\":\"https:\/\/dev.visitrijeka.com.hr\/fr\/jours-feries\/\"},\"wordCount\":1731,\"publisher\":{\"@id\":\"https:\/\/dev.visitrijeka.com.hr\/it\/#organization\"},\"image\":{\"@id\":\"https:\/\/dev.visitrijeka.com.hr\/fr\/jours-feries\/#primaryimage\"},\"thumbnailUrl\":\"https:\/\/dev.visitrijeka.com.hr\/wp-content\/uploads\/2023\/05\/Drzavni-praznici-min.jpg\",\"articleSection\":[\"Informations utiles\"],\"inLanguage\":\"fr-FR\"},{\"@type\":\"WebPage\",\"@id\":\"https:\/\/dev.visitrijeka.com.hr\/fr\/jours-feries\/\",\"url\":\"https:\/\/dev.visitrijeka.com.hr\/fr\/jours-feries\/\",\"name\":\"Jours f\u00e9ri\u00e9s - Visit Rijeka\",\"isPartOf\":{\"@id\":\"https:\/\/dev.visitrijeka.com.hr\/it\/#website\"},\"primaryImageOfPage\":{\"@id\":\"https:\/\/dev.visitrijeka.com.hr\/fr\/jours-feries\/#primaryimage\"},\"image\":{\"@id\":\"https:\/\/dev.visitrijeka.com.hr\/fr\/jours-feries\/#primaryimage\"},\"thumbnailUrl\":\"https:\/\/dev.visitrijeka.com.hr\/wp-content\/uploads\/2023\/05\/Drzavni-praznici-min.jpg\",\"datePublished\":\"2023-05-08T09:27:16+00:00\",\"dateModified\":\"2024-03-18T14:17:00+00:00\",\"breadcrumb\":{\"@id\":\"https:\/\/dev.visitrijeka.com.hr\/fr\/jours-feries\/#breadcrumb\"},\"inLanguage\":\"fr-FR\",\"potentialAction\":[{\"@type\":\"ReadAction\",\"target\":[\"https:\/\/dev.visitrijeka.com.hr\/fr\/jours-feries\/\"]}]},{\"@type\":\"ImageObject\",\"inLanguage\":\"fr-FR\",\"@id\":\"https:\/\/dev.visitrijeka.com.hr\/fr\/jours-feries\/#primaryimage\",\"url\":\"https:\/\/dev.visitrijeka.com.hr\/wp-content\/uploads\/2023\/05\/Drzavni-praznici-min.jpg\",\"contentUrl\":\"https:\/\/dev.visitrijeka.com.hr\/wp-content\/uploads\/2023\/05\/Drzavni-praznici-min.jpg\",\"width\":709,\"height\":472},{\"@type\":\"BreadcrumbList\",\"@id\":\"https:\/\/dev.visitrijeka.com.hr\/fr\/jours-feries\/#breadcrumb\",\"itemListElement\":[{\"@type\":\"ListItem\",\"position\":1,\"name\":\"Po\u010detna stranica\",\"item\":\"https:\/\/dev.visitrijeka.com.hr\/rijeka-advent-home\/\"},{\"@type\":\"ListItem\",\"position\":2,\"name\":\"PLANIFIE\",\"item\":\"https:\/\/dev.visitrijeka.com.hr\/fr\/category\/planifie\/\"},{\"@type\":\"ListItem\",\"position\":3,\"name\":\"Informations utiles\",\"item\":\"https:\/\/dev.visitrijeka.com.hr\/fr\/category\/planifie\/informations-utiles\/\"},{\"@type\":\"ListItem\",\"position\":4,\"name\":\"Jours f\u00e9ri\u00e9s\"}]},{\"@type\":\"WebSite\",\"@id\":\"https:\/\/dev.visitrijeka.com.hr\/it\/#website\",\"url\":\"https:\/\/dev.visitrijeka.com.hr\/it\/\",\"name\":\"Visit Rijeka\",\"description\":\"Grad koji te\u010de....\",\"publisher\":{\"@id\":\"https:\/\/dev.visitrijeka.com.hr\/it\/#organization\"},\"potentialAction\":[{\"@type\":\"SearchAction\",\"target\":{\"@type\":\"EntryPoint\",\"urlTemplate\":\"https:\/\/dev.visitrijeka.com.hr\/it\/?s={search_term_string}\"},\"query-input\":{\"@type\":\"PropertyValueSpecification\",\"valueRequired\":true,\"valueName\":\"search_term_string\"}}],\"inLanguage\":\"fr-FR\"},{\"@type\":\"Organization\",\"@id\":\"https:\/\/dev.visitrijeka.com.hr\/it\/#organization\",\"name\":\"Visit Rijeka\",\"url\":\"https:\/\/dev.visitrijeka.com.hr\/it\/\",\"logo\":{\"@type\":\"ImageObject\",\"inLanguage\":\"fr-FR\",\"@id\":\"https:\/\/dev.visitrijeka.com.hr\/it\/#\/schema\/logo\/image\/\",\"url\":\"https:\/\/dev.visitrijeka.com.hr\/wp-content\/uploads\/2023\/02\/Logo_Visit_rijeka_460.svg\",\"contentUrl\":\"https:\/\/dev.visitrijeka.com.hr\/wp-content\/uploads\/2023\/02\/Logo_Visit_rijeka_460.svg\",\"width\":100,\"height\":100,\"caption\":\"Visit Rijeka\"},\"image\":{\"@id\":\"https:\/\/dev.visitrijeka.com.hr\/it\/#\/schema\/logo\/image\/\"},\"sameAs\":[\"https:\/\/www.facebook.com\/VisitRijeka\"]},{\"@type\":\"Person\",\"@id\":\"https:\/\/dev.visitrijeka.com.hr\/it\/#\/schema\/person\/88920e99a8f2312c7cc0cf75192bf9b7\",\"name\":\"SWA Objave\"}]}<\/script>\n<!-- \/ Yoast SEO plugin. -->","yoast_head_json":{"title":"Jours f\u00e9ri\u00e9s - Visit Rijeka","robots":{"index":"index","follow":"follow","max-snippet":"max-snippet:-1","max-image-preview":"max-image-preview:large","max-video-preview":"max-video-preview:-1"},"canonical":"https:\/\/dev.visitrijeka.com.hr\/fr\/jours-feries\/","og_locale":"fr_FR","og_type":"article","og_title":"Jours f\u00e9ri\u00e9s - Visit Rijeka","og_description":"Jours f\u00e9ri\u00e9s (Le Jour de l'An, L\u2019Epiphanie ou F\u00eate des Rois, P\u00e2ques...","og_url":"https:\/\/dev.visitrijeka.com.hr\/fr\/jours-feries\/","og_site_name":"Visit Rijeka","article_publisher":"https:\/\/www.facebook.com\/VisitRijeka","article_published_time":"2023-05-08T09:27:16+00:00","article_modified_time":"2024-03-18T14:17:00+00:00","og_image":[{"width":709,"height":472,"url":"https:\/\/dev.visitrijeka.com.hr\/wp-content\/uploads\/2023\/05\/Drzavni-praznici-min.jpg","type":"image\/jpeg"}],"author":"SWA Objave","twitter_card":"summary_large_image","twitter_misc":{"\u00c9crit par":"SWA Objave","Dur\u00e9e de lecture estim\u00e9e":"1 minute"},"schema":{"@context":"https:\/\/schema.org","@graph":[{"@type":"Article","@id":"https:\/\/dev.visitrijeka.com.hr\/fr\/jours-feries\/#article","isPartOf":{"@id":"https:\/\/dev.visitrijeka.com.hr\/fr\/jours-feries\/"},"author":{"name":"SWA Objave","@id":"https:\/\/dev.visitrijeka.com.hr\/it\/#\/schema\/person\/88920e99a8f2312c7cc0cf75192bf9b7"},"headline":"Jours f\u00e9ri\u00e9s","datePublished":"2023-05-08T09:27:16+00:00","dateModified":"2024-03-18T14:17:00+00:00","mainEntityOfPage":{"@id":"https:\/\/dev.visitrijeka.com.hr\/fr\/jours-feries\/"},"wordCount":1731,"publisher":{"@id":"https:\/\/dev.visitrijeka.com.hr\/it\/#organization"},"image":{"@id":"https:\/\/dev.visitrijeka.com.hr\/fr\/jours-feries\/#primaryimage"},"thumbnailUrl":"https:\/\/dev.visitrijeka.com.hr\/wp-content\/uploads\/2023\/05\/Drzavni-praznici-min.jpg","articleSection":["Informations utiles"],"inLanguage":"fr-FR"},{"@type":"WebPage","@id":"https:\/\/dev.visitrijeka.com.hr\/fr\/jours-feries\/","url":"https:\/\/dev.visitrijeka.com.hr\/fr\/jours-feries\/","name":"Jours f\u00e9ri\u00e9s - Visit Rijeka","isPartOf":{"@id":"https:\/\/dev.visitrijeka.com.hr\/it\/#website"},"primaryImageOfPage":{"@id":"https:\/\/dev.visitrijeka.com.hr\/fr\/jours-feries\/#primaryimage"},"image":{"@id":"https:\/\/dev.visitrijeka.com.hr\/fr\/jours-feries\/#primaryimage"},"thumbnailUrl":"https:\/\/dev.visitrijeka.com.hr\/wp-content\/uploads\/2023\/05\/Drzavni-praznici-min.jpg","datePublished":"2023-05-08T09:27:16+00:00","dateModified":"2024-03-18T14:17:00+00:00","breadcrumb":{"@id":"https:\/\/dev.visitrijeka.com.hr\/fr\/jours-feries\/#breadcrumb"},"inLanguage":"fr-FR","potentialAction":[{"@type":"ReadAction","target":["https:\/\/dev.visitrijeka.com.hr\/fr\/jours-feries\/"]}]},{"@type":"ImageObject","inLanguage":"fr-FR","@id":"https:\/\/dev.visitrijeka.com.hr\/fr\/jours-feries\/#primaryimage","url":"https:\/\/dev.visitrijeka.com.hr\/wp-content\/uploads\/2023\/05\/Drzavni-praznici-min.jpg","contentUrl":"https:\/\/dev.visitrijeka.com.hr\/wp-content\/uploads\/2023\/05\/Drzavni-praznici-min.jpg","width":709,"height":472},{"@type":"BreadcrumbList","@id":"https:\/\/dev.visitrijeka.com.hr\/fr\/jours-feries\/#breadcrumb","itemListElement":[{"@type":"ListItem","position":1,"name":"Po\u010detna stranica","item":"https:\/\/dev.visitrijeka.com.hr\/rijeka-advent-home\/"},{"@type":"ListItem","position":2,"name":"PLANIFIE","item":"https:\/\/dev.visitrijeka.com.hr\/fr\/category\/planifie\/"},{"@type":"ListItem","position":3,"name":"Informations utiles","item":"https:\/\/dev.visitrijeka.com.hr\/fr\/category\/planifie\/informations-utiles\/"},{"@type":"ListItem","position":4,"name":"Jours f\u00e9ri\u00e9s"}]},{"@type":"WebSite","@id":"https:\/\/dev.visitrijeka.com.hr\/it\/#website","url":"https:\/\/dev.visitrijeka.com.hr\/it\/","name":"Visit Rijeka","description":"Grad koji te\u010de....","publisher":{"@id":"https:\/\/dev.visitrijeka.com.hr\/it\/#organization"},"potentialAction":[{"@type":"SearchAction","target":{"@type":"EntryPoint","urlTemplate":"https:\/\/dev.visitrijeka.com.hr\/it\/?s={search_term_string}"},"query-input":{"@type":"PropertyValueSpecification","valueRequired":true,"valueName":"search_term_string"}}],"inLanguage":"fr-FR"},{"@type":"Organization","@id":"https:\/\/dev.visitrijeka.com.hr\/it\/#organization","name":"Visit Rijeka","url":"https:\/\/dev.visitrijeka.com.hr\/it\/","logo":{"@type":"ImageObject","inLanguage":"fr-FR","@id":"https:\/\/dev.visitrijeka.com.hr\/it\/#\/schema\/logo\/image\/","url":"https:\/\/dev.visitrijeka.com.hr\/wp-content\/uploads\/2023\/02\/Logo_Visit_rijeka_460.svg","contentUrl":"https:\/\/dev.visitrijeka.com.hr\/wp-content\/uploads\/2023\/02\/Logo_Visit_rijeka_460.svg","width":100,"height":100,"caption":"Visit Rijeka"},"image":{"@id":"https:\/\/dev.visitrijeka.com.hr\/it\/#\/schema\/logo\/image\/"},"sameAs":["https:\/\/www.facebook.com\/VisitRijeka"]},{"@type":"Person","@id":"https:\/\/dev.visitrijeka.com.hr\/it\/#\/schema\/person\/88920e99a8f2312c7cc0cf75192bf9b7","name":"SWA Objave"}]}},"_links":{"self":[{"href":"https:\/\/dev.visitrijeka.com.hr\/fr\/wp-json\/wp\/v2\/posts\/19694","targetHints":{"allow":["GET"]}}],"collection":[{"href":"https:\/\/dev.visitrijeka.com.hr\/fr\/wp-json\/wp\/v2\/posts"}],"about":[{"href":"https:\/\/dev.visitrijeka.com.hr\/fr\/wp-json\/wp\/v2\/types\/post"}],"author":[{"embeddable":true,"href":"https:\/\/dev.visitrijeka.com.hr\/fr\/wp-json\/wp\/v2\/users\/3"}],"replies":[{"embeddable":true,"href":"https:\/\/dev.visitrijeka.com.hr\/fr\/wp-json\/wp\/v2\/comments?post=19694"}],"version-history":[{"count":10,"href":"https:\/\/dev.visitrijeka.com.hr\/fr\/wp-json\/wp\/v2\/posts\/19694\/revisions"}],"predecessor-version":[{"id":49965,"href":"https:\/\/dev.visitrijeka.com.hr\/fr\/wp-json\/wp\/v2\/posts\/19694\/revisions\/49965"}],"wp:featuredmedia":[{"embeddable":true,"href":"https:\/\/dev.visitrijeka.com.hr\/fr\/wp-json\/wp\/v2\/media\/17735"}],"wp:attachment":[{"href":"https:\/\/dev.visitrijeka.com.hr\/fr\/wp-json\/wp\/v2\/media?parent=19694"}],"wp:term":[{"taxonomy":"category","embeddable":true,"href":"https:\/\/dev.visitrijeka.com.hr\/fr\/wp-json\/wp\/v2\/categories?post=19694"},{"taxonomy":"post_tag","embeddable":true,"href":"https:\/\/dev.visitrijeka.com.hr\/fr\/wp-json\/wp\/v2\/tags?post=19694"}],"curies":[{"name":"wp","href":"https:\/\/api.w.org\/{rel}","templated":true}]}}