{"id":21785,"date":"2023-03-27T13:53:22","date_gmt":"2023-03-27T11:53:22","guid":{"rendered":"https:\/\/dev.visitrijeka.com.hr\/park-mlaka\/"},"modified":"2023-05-22T09:03:13","modified_gmt":"2023-05-22T07:03:13","slug":"parco-mlaka","status":"publish","type":"post","link":"https:\/\/dev.visitrijeka.com.hr\/it\/parco-mlaka\/","title":{"rendered":"Parco Mlaka"},"content":{"rendered":"<p><div class=\"fusion-fullwidth fullwidth-box fusion-builder-row-1 fusion-flex-container has-pattern-background has-mask-background nonhundred-percent-fullwidth non-hundred-percent-height-scrolling\" style=\"--awb-border-radius-top-left:0px;--awb-border-radius-top-right:0px;--awb-border-radius-bottom-right:0px;--awb-border-radius-bottom-left:0px;--awb-padding-top:0px;--awb-padding-right:0px;--awb-padding-bottom:0px;--awb-padding-left:0px;--awb-margin-top:-140px;--awb-flex-wrap:wrap;\" ><div class=\"fusion-builder-row fusion-row fusion-flex-align-items-flex-start fusion-flex-justify-content-center fusion-flex-content-wrap\" style=\"max-width:1414.4px;margin-left: calc(-4% \/ 2 );margin-right: calc(-4% \/ 2 );\"><div class=\"fusion-layout-column fusion_builder_column fusion-builder-column-0 fusion_builder_column_1_6 1_6 fusion-flex-column fusion-flex-align-self-flex-start id-21785\" style=\"--awb-padding-top:0px;--awb-padding-right:0px;--awb-padding-bottom:0px;--awb-padding-left:0px;--awb-bg-color:rgba(255,255,255,0);--awb-bg-color-hover:rgba(255,255,255,0);--awb-bg-size:cover;--awb-border-color:#c1c1c1;--awb-border-style:solid;--awb-width-large:16.666666666667%;--awb-margin-top-large:0px;--awb-spacing-right-large:5px;--awb-margin-bottom-large:0px;--awb-spacing-left-large:5px;--awb-width-medium:16.666666666667%;--awb-order-medium:0;--awb-spacing-right-medium:5px;--awb-spacing-left-medium:5px;--awb-width-small:100%;--awb-order-small:0;--awb-spacing-right-small:1.92%;--awb-spacing-left-small:1.92%;\" data-scroll-devices=\"small-visibility,medium-visibility,large-visibility\"><div class=\"fusion-column-wrapper fusion-column-has-shadow fusion-flex-justify-content-flex-start fusion-content-layout-column\"><div class=\"fusion-text fusion-text-1\">    <div class=\"post-categories-grid\">\n        <\/div>\n    \n<\/div><\/div><\/div><div class=\"fusion-layout-column fusion_builder_column fusion-builder-column-1 fusion-flex-column fusion-flex-align-self-flex-start id-21785\" style=\"--awb-padding-top:0px;--awb-padding-right:0px;--awb-padding-bottom:0px;--awb-padding-left:0px;--awb-bg-size:cover;--awb-width-large:68%;--awb-margin-top-large:0px;--awb-spacing-right-large:0px;--awb-margin-bottom-large:0px;--awb-spacing-left-large:0px;--awb-width-medium:68%;--awb-order-medium:0;--awb-spacing-right-medium:0px;--awb-spacing-left-medium:0px;--awb-width-small:100%;--awb-order-small:0;--awb-spacing-right-small:1.92%;--awb-spacing-left-small:1.92%;\" data-scroll-devices=\"small-visibility,medium-visibility,large-visibility\"><div class=\"fusion-column-wrapper fusion-column-has-shadow fusion-flex-justify-content-flex-start fusion-content-layout-column\"><\/div><\/div><div class=\"fusion-layout-column fusion_builder_column fusion-builder-column-2 fusion-flex-column fusion-flex-align-self-flex-start layout_smjestaj_istrazi id-21785\" style=\"--awb-padding-top:0px;--awb-padding-right:0px;--awb-padding-bottom:0px;--awb-padding-left:0px;--awb-padding-right-small:15px;--awb-padding-left-small:15px;--awb-bg-size:cover;--awb-width-large:15%;--awb-margin-top-large:0px;--awb-spacing-right-large:0px;--awb-margin-bottom-large:0px;--awb-spacing-left-large:0px;--awb-width-medium:15%;--awb-order-medium:0;--awb-spacing-right-medium:0px;--awb-spacing-left-medium:0px;--awb-width-small:100%;--awb-order-small:0;--awb-spacing-right-small:1.92%;--awb-spacing-left-small:1.92%;\" data-scroll-devices=\"small-visibility,medium-visibility,large-visibility\"><div class=\"fusion-column-wrapper fusion-column-has-shadow fusion-flex-justify-content-flex-start fusion-content-layout-column\"><div class=\"fusion-separator fusion-full-width-sep\" style=\"align-self: center;margin-left: auto;margin-right: auto;margin-top:10px;width:100%;\"><\/div><div class=\"fusion-separator fusion-no-medium-visibility fusion-no-large-visibility fusion-full-width-sep\" style=\"align-self: center;margin-left: auto;margin-right: auto;margin-top:30px;width:100%;\"><\/div><div class=\"fusion-text fusion-text-2\">     <ul style=\"--awb-size:20px;--awb-margin-top:0px;--awb-margin-right:0px;--awb-margin-bottom:0px;--awb-margin-left:0px;--awb-item-padding-top:0px;--awb-item-padding-right:0px;--awb-item-padding-bottom:0px;--awb-item-padding-left:0px;--awb-line-height:34px;--awb-icon-width:34px;--awb-icon-height:34px;--awb-icon-margin:14px;--awb-content-margin:48px;\" class=\"fusion-checklist fusion-checklist-1 type-icons\">\n         <li class=\"fusion-li-item\" style=\"\">\n            <span class=\"icon-wrapper circle-no\">\n                <i class=\"fusion-li-icon icon-Plava_Visitrijeka\" aria-hidden=\"true\"><\/i>\n            <\/span>\n            <div class=\"fusion-li-item-content\">\n                <h3><strong>esplora.<\/strong><\/h3>\n            <\/div>\n        <\/li>\n    <\/ul>\n    \n<\/div><\/div><\/div><\/div><\/div>\n<div class=\"fusion-fullwidth fullwidth-box fusion-builder-row-2 fusion-flex-container has-pattern-background has-mask-background nonhundred-percent-fullwidth non-hundred-percent-height-scrolling\" style=\"--awb-border-radius-top-left:0px;--awb-border-radius-top-right:0px;--awb-border-radius-bottom-right:0px;--awb-border-radius-bottom-left:0px;--awb-padding-right-small:15px;--awb-padding-left-small:15px;--awb-margin-top:0px;--awb-flex-wrap:wrap;\" ><div class=\"fusion-builder-row fusion-row fusion-flex-align-items-flex-start fusion-flex-justify-content-center fusion-flex-content-wrap\" style=\"max-width:1414.4px;margin-left: calc(-4% \/ 2 );margin-right: calc(-4% \/ 2 );\"><div class=\"fusion-layout-column fusion_builder_column fusion-builder-column-3 fusion_builder_column_1_3 1_3 fusion-flex-column layout_smjestaj_podaciizbaze id-21785\" style=\"--awb-padding-top:40px;--awb-padding-right:20px;--awb-padding-bottom:40px;--awb-padding-left:20px;--awb-padding-top-small:20px;--awb-padding-right-small:20px;--awb-padding-bottom-small:20px;--awb-padding-left-small:20px;--awb-overflow:hidden;--awb-bg-size:cover;--awb-box-shadow:5px 5px 19px 2px var(--awb-color2);;--awb-border-color:var(--awb-color3);--awb-border-top:1px;--awb-border-right:1px;--awb-border-bottom:1px;--awb-border-left:1px;--awb-border-style:solid;--awb-border-radius:10px 10px 10px 10px;--awb-width-large:33.333333333333%;--awb-margin-top-large:100px;--awb-spacing-right-large:5.76%;--awb-margin-bottom-large:0px;--awb-spacing-left-large:5.76%;--awb-width-medium:33.333333333333%;--awb-order-medium:0;--awb-spacing-right-medium:5.76%;--awb-spacing-left-medium:5.76%;--awb-width-small:100%;--awb-order-small:3;--awb-margin-top-small:0;--awb-spacing-right-small:1.92%;--awb-spacing-left-small:1.92%;\"><div class=\"fusion-column-wrapper fusion-column-has-shadow fusion-flex-justify-content-flex-start fusion-content-layout-column\"><ul style=\"--awb-line-height:25.5px;--awb-icon-width:25.5px;--awb-icon-height:25.5px;--awb-icon-margin:10.5px;--awb-content-margin:36px;\" class=\"fusion-checklist fusion-checklist-1 fusion-checklist-default type-icons\"><li class=\"fusion-li-item\" style=\"\"><span class=\"icon-wrapper circle-no\"><i class=\"fusion-li-icon fa-angle-right fas\" aria-hidden=\"true\"><\/i><\/span><div class=\"fusion-li-item-content\"><span class=\"objekt-meta adresa\">Kre\u0161imirova ul. 60, 51000 Rijeka<\/span><\/div><\/li><li class=\"fusion-li-item\" style=\"\"><span class=\"icon-wrapper circle-no\"><i class=\"fusion-li-icon fa-angle-right fas\" aria-hidden=\"true\"><\/i><\/span><div class=\"fusion-li-item-content\">\n\n<\/div><\/li><li class=\"fusion-li-item\" style=\"\"><span class=\"icon-wrapper circle-no\"><i class=\"fusion-li-icon fa-angle-right fas\" aria-hidden=\"true\"><\/i><\/span><div class=\"fusion-li-item-content\"><\/div><\/li><li class=\"fusion-li-item\" style=\"\"><span class=\"icon-wrapper circle-no\"><i class=\"fusion-li-icon fa-angle-right fas\" aria-hidden=\"true\"><\/i><\/span><div class=\"fusion-li-item-content\"><\/div><\/li><\/ul><\/div><\/div><div class=\"fusion-layout-column fusion_builder_column fusion-builder-column-4 fusion_builder_column_2_3 2_3 fusion-flex-column privitak_sa_ikonom slovoodlomka_veliko id-21785\" style=\"--awb-bg-size:cover;--awb-width-large:66.666666666667%;--awb-margin-top-large:0px;--awb-spacing-right-large:2.88%;--awb-margin-bottom-large:0px;--awb-spacing-left-large:2.88%;--awb-width-medium:66.666666666667%;--awb-order-medium:0;--awb-spacing-right-medium:2.88%;--awb-spacing-left-medium:2.88%;--awb-width-small:100%;--awb-order-small:2;--awb-spacing-right-small:1.92%;--awb-spacing-left-small:1.92%;\"><div class=\"fusion-column-wrapper fusion-column-has-shadow fusion-flex-justify-content-flex-start fusion-content-layout-column\"><div class=\"fusion-text fusion-text-3\"><p>Il parco Mlaka, meglio noto come Giardino Pubblico, \u00e8 uno dei parchi pi\u00f9 antichi e pi\u00f9 belli di Rijeka. Fu progettato nel 1874 dal dr. Filibert Bazarig, secondo i suggerimenti del sindaco G. Ciotta, su un terreno che all\u2019epoca il comune acquist\u00f2 dal barone Juraj Vranyczanyj. Questo terreno era ricco di sorgenti d\u2019acqua dolce, caratteristica che probabilmente influenz\u00f2 il sindaco G. Ciotta nella scelta dell\u2019area da destinare a parco. La frazione della citt\u00e0, nota come Cecilinovo, prese il nome dall\u2019antica cappella di Santa Cecilia, patrona della musica, costruita accanto a un ruscello che scorreva attraverso il parco, dalla sorgente verso est.<\/p>\n<p>Il parco sorse su un pendio rivolto verso sud, ben soleggiato e protetto dalla bora, e si estendeva su 37.000 m2 ed era suddiviso in due parti. L\u2019entrata principale era situata lungo l\u2019allora Corsia Deak, oggi via Kre\u0161imirova.<\/p>\n<p>La copertura vegetale della zona superiore del parco, situata su un leggero pendio, era costituita da un bosco di roverella e alloro.<\/p>\n<p>Nella planimetria e nella composizione spaziale della zona superiore del parco \u00e8 possibile notare tre terrazzi a diverse altezze. Lungo l\u2019asse principale, tra il terrazzo inferiore pi\u00f9 grande e il secondo terrazzo medio, lungo un pendio ricoperto di alloro e laurotino, era situata una vasca di forma allungata delimitata da pietra naturale frantumata dove in passato c\u2019erano pesci rossi. Lungo ogni lato della vasca cresceva un albero di sequoia sempreverde, mentre lungo il bordo occidentale del terrazzo pi\u00f9 grande crescevano alcuni vecchi bellissimi cedri.<\/p>\n<p>Secondo un\u2019idea dell\u2019architetto F. Bazarig, la zona inferiore del parco era circondata da una siepe riccamente decorata con un cancello realizzato in ferro battuto. Dietro la recinzione, su un terreno dapprima allagato e poi ricoperto di sabbia, si estendeva un prato con aiuole di fiori, circondato a semicerchio da piante pi\u00f9 alte.<\/p>\n<p>Il parco Mlaka, situato al crocevia di due zone della citt\u00e0, \u00e8 stato per anni il luogo preferito dagli abitanti per fare passeggiate, era \u201cun luogo pubblico\u201d dove si svolgevano concerti, dove gli operai si radunavano durante la festa del 1\u00b0 maggio, e dove gli alunni e gli studenti studiavano.<\/p>\n<p>Con il passare del tempo il parco perse il suo ruolo attivo nella vita urbana. Negli anni Trenta del secolo passato, lungo il suo bordo occidentale fu eretto un centro sociale, oggi Casa sindacale \u201c3 maggio\u201d, mentre negli anni Sessanta, lungo il bordo orientale del parco, fu costruito un nuovo centro ricreativo della Raffineria di petrolio INA.<\/p>\n<p>L\u2019intervento pi\u00f9 importante nella trasformazione di questo parco \u00e8 stato effettuato nel 1951, in seguito alla costruzione di una nuova strada che costeggiava la zona industriale nell\u2019area occidentale della citt\u00e0. Sotto la guida degli architetti Zdenko Sila e Zdenko Kolacio \u00e8 stata portata a termine la ristrutturazione della parte inferiore del parco, mentre la parte superiore ha mantenuto l\u2019aspetto del periodo austro-ungarico.<\/p>\n<\/div><\/div><\/div><\/div><\/div><div class=\"fusion-fullwidth fullwidth-box fusion-builder-row-3 fusion-flex-container has-pattern-background has-mask-background nonhundred-percent-fullwidth non-hundred-percent-height-scrolling\" style=\"--awb-border-radius-top-left:0px;--awb-border-radius-top-right:0px;--awb-border-radius-bottom-right:0px;--awb-border-radius-bottom-left:0px;--awb-margin-top:0px;--awb-flex-wrap:wrap;\" ><div class=\"fusion-builder-row fusion-row fusion-flex-align-items-flex-start fusion-flex-justify-content-center fusion-flex-content-wrap\" style=\"max-width:1414.4px;margin-left: calc(-4% \/ 2 );margin-right: calc(-4% \/ 2 );\"><div class=\"fusion-layout-column fusion_builder_column fusion-builder-column-5 fusion_builder_column_1_1 1_1 fusion-flex-column privitak_sa_ikonom id-21785\" style=\"--awb-bg-size:cover;--awb-width-large:100%;--awb-margin-top-large:0px;--awb-spacing-right-large:1.92%;--awb-margin-bottom-large:0px;--awb-spacing-left-large:1.92%;--awb-width-medium:100%;--awb-order-medium:0;--awb-spacing-right-medium:1.92%;--awb-spacing-left-medium:1.92%;--awb-width-small:100%;--awb-order-small:0;--awb-spacing-right-small:1.92%;--awb-spacing-left-small:1.92%;\"><div class=\"fusion-column-wrapper fusion-column-has-shadow fusion-flex-justify-content-flex-start fusion-content-layout-column\"><div class=\"fusion-text fusion-text-4\" style=\"--awb-margin-top:25px;\"><\/div><\/div><\/div><\/div><\/div><\/p>\n","protected":false},"excerpt":{"rendered":"","protected":false},"author":3,"featured_media":14704,"comment_status":"closed","ping_status":"closed","sticky":false,"template":"","format":"standard","meta":{"_acf_changed":false,"inline_featured_image":false,"footnotes":""},"categories":[227,228],"tags":[],"class_list":["post-21785","post","type-post","status-publish","format-standard","has-post-thumbnail","hentry","category-citta","category-parchi"],"acf":[],"yoast_head":"<!-- This site is optimized with the Yoast SEO plugin v25.7 - https:\/\/yoast.com\/wordpress\/plugins\/seo\/ -->\n<title>Parco Mlaka - Visit Rijeka<\/title>\n<meta name=\"robots\" content=\"index, follow, max-snippet:-1, max-image-preview:large, max-video-preview:-1\" \/>\n<link rel=\"canonical\" href=\"https:\/\/dev.visitrijeka.com.hr\/it\/parco-mlaka\/\" \/>\n<meta property=\"og:locale\" content=\"it_IT\" \/>\n<meta property=\"og:type\" content=\"article\" \/>\n<meta property=\"og:title\" content=\"Parco Mlaka - Visit Rijeka\" \/>\n<meta property=\"og:url\" content=\"https:\/\/dev.visitrijeka.com.hr\/it\/parco-mlaka\/\" \/>\n<meta property=\"og:site_name\" content=\"Visit Rijeka\" \/>\n<meta property=\"article:publisher\" content=\"https:\/\/www.facebook.com\/VisitRijeka\" \/>\n<meta property=\"article:published_time\" content=\"2023-03-27T11:53:22+00:00\" \/>\n<meta property=\"article:modified_time\" content=\"2023-05-22T07:03:13+00:00\" \/>\n<meta property=\"og:image\" content=\"https:\/\/dev.visitrijeka.com.hr\/wp-content\/uploads\/2023\/03\/Park-Mlaka-.jpg\" \/>\n\t<meta property=\"og:image:width\" content=\"1920\" \/>\n\t<meta property=\"og:image:height\" content=\"1440\" \/>\n\t<meta property=\"og:image:type\" content=\"image\/jpeg\" \/>\n<meta name=\"author\" content=\"SWA Objave\" \/>\n<meta name=\"twitter:card\" content=\"summary_large_image\" \/>\n<meta name=\"twitter:label1\" content=\"Scritto da\" \/>\n\t<meta name=\"twitter:data1\" content=\"SWA Objave\" \/>\n\t<meta name=\"twitter:label2\" content=\"Tempo di lettura stimato\" \/>\n\t<meta name=\"twitter:data2\" content=\"9 minuti\" \/>\n<script type=\"application\/ld+json\" class=\"yoast-schema-graph\">{\"@context\":\"https:\/\/schema.org\",\"@graph\":[{\"@type\":\"Article\",\"@id\":\"https:\/\/dev.visitrijeka.com.hr\/it\/parco-mlaka\/#article\",\"isPartOf\":{\"@id\":\"https:\/\/dev.visitrijeka.com.hr\/it\/parco-mlaka\/\"},\"author\":{\"name\":\"SWA Objave\",\"@id\":\"https:\/\/dev.visitrijeka.com.hr\/it\/#\/schema\/person\/88920e99a8f2312c7cc0cf75192bf9b7\"},\"headline\":\"Parco Mlaka\",\"datePublished\":\"2023-03-27T11:53:22+00:00\",\"dateModified\":\"2023-05-22T07:03:13+00:00\",\"mainEntityOfPage\":{\"@id\":\"https:\/\/dev.visitrijeka.com.hr\/it\/parco-mlaka\/\"},\"wordCount\":1875,\"publisher\":{\"@id\":\"https:\/\/dev.visitrijeka.com.hr\/it\/#organization\"},\"image\":{\"@id\":\"https:\/\/dev.visitrijeka.com.hr\/it\/parco-mlaka\/#primaryimage\"},\"thumbnailUrl\":\"https:\/\/dev.visitrijeka.com.hr\/wp-content\/uploads\/2023\/03\/Park-Mlaka-.jpg\",\"articleSection\":[\"Citt\u00e0\",\"Parchi\"],\"inLanguage\":\"it-IT\"},{\"@type\":\"WebPage\",\"@id\":\"https:\/\/dev.visitrijeka.com.hr\/it\/parco-mlaka\/\",\"url\":\"https:\/\/dev.visitrijeka.com.hr\/it\/parco-mlaka\/\",\"name\":\"Parco Mlaka - Visit Rijeka\",\"isPartOf\":{\"@id\":\"https:\/\/dev.visitrijeka.com.hr\/it\/#website\"},\"primaryImageOfPage\":{\"@id\":\"https:\/\/dev.visitrijeka.com.hr\/it\/parco-mlaka\/#primaryimage\"},\"image\":{\"@id\":\"https:\/\/dev.visitrijeka.com.hr\/it\/parco-mlaka\/#primaryimage\"},\"thumbnailUrl\":\"https:\/\/dev.visitrijeka.com.hr\/wp-content\/uploads\/2023\/03\/Park-Mlaka-.jpg\",\"datePublished\":\"2023-03-27T11:53:22+00:00\",\"dateModified\":\"2023-05-22T07:03:13+00:00\",\"breadcrumb\":{\"@id\":\"https:\/\/dev.visitrijeka.com.hr\/it\/parco-mlaka\/#breadcrumb\"},\"inLanguage\":\"it-IT\",\"potentialAction\":[{\"@type\":\"ReadAction\",\"target\":[\"https:\/\/dev.visitrijeka.com.hr\/it\/parco-mlaka\/\"]}]},{\"@type\":\"ImageObject\",\"inLanguage\":\"it-IT\",\"@id\":\"https:\/\/dev.visitrijeka.com.hr\/it\/parco-mlaka\/#primaryimage\",\"url\":\"https:\/\/dev.visitrijeka.com.hr\/wp-content\/uploads\/2023\/03\/Park-Mlaka-.jpg\",\"contentUrl\":\"https:\/\/dev.visitrijeka.com.hr\/wp-content\/uploads\/2023\/03\/Park-Mlaka-.jpg\",\"width\":1920,\"height\":1440,\"caption\":\"Park Mlaka\"},{\"@type\":\"BreadcrumbList\",\"@id\":\"https:\/\/dev.visitrijeka.com.hr\/it\/parco-mlaka\/#breadcrumb\",\"itemListElement\":[{\"@type\":\"ListItem\",\"position\":1,\"name\":\"Po\u010detna stranica\",\"item\":\"https:\/\/dev.visitrijeka.com.hr\/rijeka-advent-home\/\"},{\"@type\":\"ListItem\",\"position\":2,\"name\":\"ESPLORA\",\"item\":\"https:\/\/dev.visitrijeka.com.hr\/it\/category\/esplora\/\"},{\"@type\":\"ListItem\",\"position\":3,\"name\":\"Citt\u00e0\",\"item\":\"https:\/\/dev.visitrijeka.com.hr\/it\/category\/esplora\/citta\/\"},{\"@type\":\"ListItem\",\"position\":4,\"name\":\"Parchi\",\"item\":\"https:\/\/dev.visitrijeka.com.hr\/it\/category\/esplora\/citta\/parchi\/\"},{\"@type\":\"ListItem\",\"position\":5,\"name\":\"Parco Mlaka\"}]},{\"@type\":\"WebSite\",\"@id\":\"https:\/\/dev.visitrijeka.com.hr\/it\/#website\",\"url\":\"https:\/\/dev.visitrijeka.com.hr\/it\/\",\"name\":\"Visit Rijeka\",\"description\":\"Grad koji te\u010de....\",\"publisher\":{\"@id\":\"https:\/\/dev.visitrijeka.com.hr\/it\/#organization\"},\"potentialAction\":[{\"@type\":\"SearchAction\",\"target\":{\"@type\":\"EntryPoint\",\"urlTemplate\":\"https:\/\/dev.visitrijeka.com.hr\/it\/?s={search_term_string}\"},\"query-input\":{\"@type\":\"PropertyValueSpecification\",\"valueRequired\":true,\"valueName\":\"search_term_string\"}}],\"inLanguage\":\"it-IT\"},{\"@type\":\"Organization\",\"@id\":\"https:\/\/dev.visitrijeka.com.hr\/it\/#organization\",\"name\":\"Visit Rijeka\",\"url\":\"https:\/\/dev.visitrijeka.com.hr\/it\/\",\"logo\":{\"@type\":\"ImageObject\",\"inLanguage\":\"it-IT\",\"@id\":\"https:\/\/dev.visitrijeka.com.hr\/it\/#\/schema\/logo\/image\/\",\"url\":\"https:\/\/dev.visitrijeka.com.hr\/wp-content\/uploads\/2023\/02\/Logo_Visit_rijeka_460.svg\",\"contentUrl\":\"https:\/\/dev.visitrijeka.com.hr\/wp-content\/uploads\/2023\/02\/Logo_Visit_rijeka_460.svg\",\"width\":100,\"height\":100,\"caption\":\"Visit Rijeka\"},\"image\":{\"@id\":\"https:\/\/dev.visitrijeka.com.hr\/it\/#\/schema\/logo\/image\/\"},\"sameAs\":[\"https:\/\/www.facebook.com\/VisitRijeka\"]},{\"@type\":\"Person\",\"@id\":\"https:\/\/dev.visitrijeka.com.hr\/it\/#\/schema\/person\/88920e99a8f2312c7cc0cf75192bf9b7\",\"name\":\"SWA Objave\"}]}<\/script>\n<!-- \/ Yoast SEO plugin. -->","yoast_head_json":{"title":"Parco Mlaka - Visit Rijeka","robots":{"index":"index","follow":"follow","max-snippet":"max-snippet:-1","max-image-preview":"max-image-preview:large","max-video-preview":"max-video-preview:-1"},"canonical":"https:\/\/dev.visitrijeka.com.hr\/it\/parco-mlaka\/","og_locale":"it_IT","og_type":"article","og_title":"Parco Mlaka - Visit Rijeka","og_url":"https:\/\/dev.visitrijeka.com.hr\/it\/parco-mlaka\/","og_site_name":"Visit Rijeka","article_publisher":"https:\/\/www.facebook.com\/VisitRijeka","article_published_time":"2023-03-27T11:53:22+00:00","article_modified_time":"2023-05-22T07:03:13+00:00","og_image":[{"width":1920,"height":1440,"url":"https:\/\/dev.visitrijeka.com.hr\/wp-content\/uploads\/2023\/03\/Park-Mlaka-.jpg","type":"image\/jpeg"}],"author":"SWA Objave","twitter_card":"summary_large_image","twitter_misc":{"Scritto da":"SWA Objave","Tempo di lettura stimato":"9 minuti"},"schema":{"@context":"https:\/\/schema.org","@graph":[{"@type":"Article","@id":"https:\/\/dev.visitrijeka.com.hr\/it\/parco-mlaka\/#article","isPartOf":{"@id":"https:\/\/dev.visitrijeka.com.hr\/it\/parco-mlaka\/"},"author":{"name":"SWA Objave","@id":"https:\/\/dev.visitrijeka.com.hr\/it\/#\/schema\/person\/88920e99a8f2312c7cc0cf75192bf9b7"},"headline":"Parco Mlaka","datePublished":"2023-03-27T11:53:22+00:00","dateModified":"2023-05-22T07:03:13+00:00","mainEntityOfPage":{"@id":"https:\/\/dev.visitrijeka.com.hr\/it\/parco-mlaka\/"},"wordCount":1875,"publisher":{"@id":"https:\/\/dev.visitrijeka.com.hr\/it\/#organization"},"image":{"@id":"https:\/\/dev.visitrijeka.com.hr\/it\/parco-mlaka\/#primaryimage"},"thumbnailUrl":"https:\/\/dev.visitrijeka.com.hr\/wp-content\/uploads\/2023\/03\/Park-Mlaka-.jpg","articleSection":["Citt\u00e0","Parchi"],"inLanguage":"it-IT"},{"@type":"WebPage","@id":"https:\/\/dev.visitrijeka.com.hr\/it\/parco-mlaka\/","url":"https:\/\/dev.visitrijeka.com.hr\/it\/parco-mlaka\/","name":"Parco Mlaka - Visit Rijeka","isPartOf":{"@id":"https:\/\/dev.visitrijeka.com.hr\/it\/#website"},"primaryImageOfPage":{"@id":"https:\/\/dev.visitrijeka.com.hr\/it\/parco-mlaka\/#primaryimage"},"image":{"@id":"https:\/\/dev.visitrijeka.com.hr\/it\/parco-mlaka\/#primaryimage"},"thumbnailUrl":"https:\/\/dev.visitrijeka.com.hr\/wp-content\/uploads\/2023\/03\/Park-Mlaka-.jpg","datePublished":"2023-03-27T11:53:22+00:00","dateModified":"2023-05-22T07:03:13+00:00","breadcrumb":{"@id":"https:\/\/dev.visitrijeka.com.hr\/it\/parco-mlaka\/#breadcrumb"},"inLanguage":"it-IT","potentialAction":[{"@type":"ReadAction","target":["https:\/\/dev.visitrijeka.com.hr\/it\/parco-mlaka\/"]}]},{"@type":"ImageObject","inLanguage":"it-IT","@id":"https:\/\/dev.visitrijeka.com.hr\/it\/parco-mlaka\/#primaryimage","url":"https:\/\/dev.visitrijeka.com.hr\/wp-content\/uploads\/2023\/03\/Park-Mlaka-.jpg","contentUrl":"https:\/\/dev.visitrijeka.com.hr\/wp-content\/uploads\/2023\/03\/Park-Mlaka-.jpg","width":1920,"height":1440,"caption":"Park Mlaka"},{"@type":"BreadcrumbList","@id":"https:\/\/dev.visitrijeka.com.hr\/it\/parco-mlaka\/#breadcrumb","itemListElement":[{"@type":"ListItem","position":1,"name":"Po\u010detna stranica","item":"https:\/\/dev.visitrijeka.com.hr\/rijeka-advent-home\/"},{"@type":"ListItem","position":2,"name":"ESPLORA","item":"https:\/\/dev.visitrijeka.com.hr\/it\/category\/esplora\/"},{"@type":"ListItem","position":3,"name":"Citt\u00e0","item":"https:\/\/dev.visitrijeka.com.hr\/it\/category\/esplora\/citta\/"},{"@type":"ListItem","position":4,"name":"Parchi","item":"https:\/\/dev.visitrijeka.com.hr\/it\/category\/esplora\/citta\/parchi\/"},{"@type":"ListItem","position":5,"name":"Parco Mlaka"}]},{"@type":"WebSite","@id":"https:\/\/dev.visitrijeka.com.hr\/it\/#website","url":"https:\/\/dev.visitrijeka.com.hr\/it\/","name":"Visit Rijeka","description":"Grad koji te\u010de....","publisher":{"@id":"https:\/\/dev.visitrijeka.com.hr\/it\/#organization"},"potentialAction":[{"@type":"SearchAction","target":{"@type":"EntryPoint","urlTemplate":"https:\/\/dev.visitrijeka.com.hr\/it\/?s={search_term_string}"},"query-input":{"@type":"PropertyValueSpecification","valueRequired":true,"valueName":"search_term_string"}}],"inLanguage":"it-IT"},{"@type":"Organization","@id":"https:\/\/dev.visitrijeka.com.hr\/it\/#organization","name":"Visit Rijeka","url":"https:\/\/dev.visitrijeka.com.hr\/it\/","logo":{"@type":"ImageObject","inLanguage":"it-IT","@id":"https:\/\/dev.visitrijeka.com.hr\/it\/#\/schema\/logo\/image\/","url":"https:\/\/dev.visitrijeka.com.hr\/wp-content\/uploads\/2023\/02\/Logo_Visit_rijeka_460.svg","contentUrl":"https:\/\/dev.visitrijeka.com.hr\/wp-content\/uploads\/2023\/02\/Logo_Visit_rijeka_460.svg","width":100,"height":100,"caption":"Visit Rijeka"},"image":{"@id":"https:\/\/dev.visitrijeka.com.hr\/it\/#\/schema\/logo\/image\/"},"sameAs":["https:\/\/www.facebook.com\/VisitRijeka"]},{"@type":"Person","@id":"https:\/\/dev.visitrijeka.com.hr\/it\/#\/schema\/person\/88920e99a8f2312c7cc0cf75192bf9b7","name":"SWA Objave"}]}},"_links":{"self":[{"href":"https:\/\/dev.visitrijeka.com.hr\/it\/wp-json\/wp\/v2\/posts\/21785","targetHints":{"allow":["GET"]}}],"collection":[{"href":"https:\/\/dev.visitrijeka.com.hr\/it\/wp-json\/wp\/v2\/posts"}],"about":[{"href":"https:\/\/dev.visitrijeka.com.hr\/it\/wp-json\/wp\/v2\/types\/post"}],"author":[{"embeddable":true,"href":"https:\/\/dev.visitrijeka.com.hr\/it\/wp-json\/wp\/v2\/users\/3"}],"replies":[{"embeddable":true,"href":"https:\/\/dev.visitrijeka.com.hr\/it\/wp-json\/wp\/v2\/comments?post=21785"}],"version-history":[{"count":4,"href":"https:\/\/dev.visitrijeka.com.hr\/it\/wp-json\/wp\/v2\/posts\/21785\/revisions"}],"predecessor-version":[{"id":21803,"href":"https:\/\/dev.visitrijeka.com.hr\/it\/wp-json\/wp\/v2\/posts\/21785\/revisions\/21803"}],"wp:featuredmedia":[{"embeddable":true,"href":"https:\/\/dev.visitrijeka.com.hr\/it\/wp-json\/wp\/v2\/media\/14704"}],"wp:attachment":[{"href":"https:\/\/dev.visitrijeka.com.hr\/it\/wp-json\/wp\/v2\/media?parent=21785"}],"wp:term":[{"taxonomy":"category","embeddable":true,"href":"https:\/\/dev.visitrijeka.com.hr\/it\/wp-json\/wp\/v2\/categories?post=21785"},{"taxonomy":"post_tag","embeddable":true,"href":"https:\/\/dev.visitrijeka.com.hr\/it\/wp-json\/wp\/v2\/tags?post=21785"}],"curies":[{"name":"wp","href":"https:\/\/api.w.org\/{rel}","templated":true}]}}