{"id":25396,"date":"2023-03-18T06:55:11","date_gmt":"2023-03-18T05:55:11","guid":{"rendered":"https:\/\/dev.visitrijeka.com.hr\/na-prijelazu-stoljeca\/"},"modified":"2023-06-27T13:12:23","modified_gmt":"2023-06-27T11:12:23","slug":"al-volgere-del-secolo","status":"publish","type":"post","link":"https:\/\/dev.visitrijeka.com.hr\/it\/al-volgere-del-secolo\/","title":{"rendered":"Al volgere del secolo"},"content":{"rendered":"<p><div class=\"fusion-fullwidth fullwidth-box fusion-builder-row-1 fusion-flex-container has-pattern-background has-mask-background nonhundred-percent-fullwidth non-hundred-percent-height-scrolling\" style=\"--awb-border-radius-top-left:0px;--awb-border-radius-top-right:0px;--awb-border-radius-bottom-right:0px;--awb-border-radius-bottom-left:0px;--awb-padding-top:0px;--awb-padding-right:0px;--awb-padding-bottom:0px;--awb-padding-left:0px;--awb-margin-top:-140px;--awb-flex-wrap:wrap;\" ><div class=\"fusion-builder-row fusion-row fusion-flex-align-items-flex-start fusion-flex-justify-content-flex-end fusion-flex-content-wrap\" style=\"max-width:1414.4px;margin-left: calc(-4% \/ 2 );margin-right: calc(-4% \/ 2 );\"><div class=\"fusion-layout-column fusion_builder_column fusion-builder-column-0 fusion-flex-column fusion-flex-align-self-flex-start opisna_ikona_unutrasnja id-25396\" style=\"--awb-padding-top:0px;--awb-padding-right:0px;--awb-padding-bottom:0px;--awb-padding-left:0px;--awb-overflow:hidden;--awb-bg-color:rgba(255,255,255,0);--awb-bg-color-hover:rgba(255,255,255,0);--awb-bg-size:cover;--awb-border-color:#c1c1c1;--awb-border-style:solid;--awb-border-radius:15px 15px 15px 15px;--awb-width-large:10%;--awb-margin-top-large:0px;--awb-spacing-right-large:5px;--awb-margin-bottom-large:0px;--awb-spacing-left-large:5px;--awb-width-medium:10%;--awb-order-medium:0;--awb-spacing-right-medium:5px;--awb-spacing-left-medium:5px;--awb-width-small:100%;--awb-order-small:0;--awb-spacing-right-small:1.92%;--awb-spacing-left-small:1.92%;\" data-scroll-devices=\"small-visibility,medium-visibility,large-visibility\"><div class=\"fusion-column-wrapper fusion-column-has-shadow fusion-flex-justify-content-flex-start fusion-content-layout-column\"><div class=\"fusion-text fusion-text-1\">    <div class=\"post-categories-grid\">\n        <\/div>\n    \n<\/div><\/div><\/div><div class=\"fusion-layout-column fusion_builder_column fusion-builder-column-1 fusion-flex-column fusion-flex-align-self-flex-start id-25396\" style=\"--awb-padding-top:0px;--awb-padding-right:0px;--awb-padding-bottom:0px;--awb-padding-left:0px;--awb-bg-size:cover;--awb-width-large:59%;--awb-margin-top-large:0px;--awb-spacing-right-large:0px;--awb-margin-bottom-large:0px;--awb-spacing-left-large:0px;--awb-width-medium:59%;--awb-order-medium:0;--awb-spacing-right-medium:0px;--awb-spacing-left-medium:0px;--awb-width-small:100%;--awb-order-small:0;--awb-spacing-right-small:1.92%;--awb-spacing-left-small:1.92%;\" data-scroll-devices=\"small-visibility,medium-visibility,large-visibility\"><div class=\"fusion-column-wrapper fusion-column-has-shadow fusion-flex-justify-content-flex-start fusion-content-layout-column\"><\/div><\/div><div class=\"fusion-layout-column fusion_builder_column fusion-builder-column-2 fusion-flex-column fusion-flex-align-self-flex-start layout_smjestaj_istrazi id-25396\" style=\"--awb-padding-top:0px;--awb-padding-right:0px;--awb-padding-bottom:0px;--awb-padding-left:0px;--awb-padding-right-small:15px;--awb-padding-left-small:15px;--awb-bg-size:cover;--awb-width-large:15%;--awb-margin-top-large:0px;--awb-spacing-right-large:0px;--awb-margin-bottom-large:0px;--awb-spacing-left-large:0px;--awb-width-medium:15%;--awb-order-medium:0;--awb-spacing-right-medium:0px;--awb-spacing-left-medium:0px;--awb-width-small:100%;--awb-order-small:0;--awb-spacing-right-small:1.92%;--awb-spacing-left-small:1.92%;\"><div class=\"fusion-column-wrapper fusion-column-has-shadow fusion-flex-justify-content-flex-start fusion-content-layout-column\"><div class=\"fusion-separator fusion-full-width-sep\" style=\"align-self: center;margin-left: auto;margin-right: auto;margin-top:10px;width:100%;\"><\/div><div class=\"fusion-separator fusion-no-medium-visibility fusion-no-large-visibility fusion-full-width-sep\" style=\"align-self: center;margin-left: auto;margin-right: auto;margin-top:30px;width:100%;\"><\/div><div class=\"fusion-text fusion-text-2\">     <ul style=\"--awb-size:20px;--awb-margin-top:0px;--awb-margin-right:0px;--awb-margin-bottom:0px;--awb-margin-left:0px;--awb-item-padding-top:0px;--awb-item-padding-right:0px;--awb-item-padding-bottom:0px;--awb-item-padding-left:0px;--awb-line-height:34px;--awb-icon-width:34px;--awb-icon-height:34px;--awb-icon-margin:14px;--awb-content-margin:48px;\" class=\"fusion-checklist fusion-checklist-1 type-icons\">\n         <li class=\"fusion-li-item\" style=\"\">\n            <span class=\"icon-wrapper circle-no\">\n                <i class=\"fusion-li-icon icon-Plava_Visitrijeka\" aria-hidden=\"true\"><\/i>\n            <\/span>\n            <div class=\"fusion-li-item-content\">\n                <h3><strong>esplora.<\/strong><\/h3>\n            <\/div>\n        <\/li>\n    <\/ul>\n    \n<\/div><\/div><\/div><\/div><\/div>\n<div class=\"fusion-fullwidth fullwidth-box fusion-builder-row-2 fusion-flex-container has-pattern-background has-mask-background nonhundred-percent-fullwidth non-hundred-percent-height-scrolling\" style=\"--awb-border-radius-top-left:0px;--awb-border-radius-top-right:0px;--awb-border-radius-bottom-right:0px;--awb-border-radius-bottom-left:0px;--awb-padding-right-small:15px;--awb-padding-left-small:15px;--awb-margin-top:0px;--awb-flex-wrap:wrap;\" ><div class=\"fusion-builder-row fusion-row fusion-flex-align-items-flex-start fusion-flex-justify-content-center fusion-flex-content-wrap\" style=\"max-width:1414.4px;margin-left: calc(-4% \/ 2 );margin-right: calc(-4% \/ 2 );\"><div class=\"fusion-layout-column fusion_builder_column fusion-builder-column-3 fusion_builder_column_2_3 2_3 fusion-flex-column privitak_sa_ikonom slovoodlomka_veliko id-25396\" style=\"--awb-bg-size:cover;--awb-width-large:66.666666666667%;--awb-margin-top-large:0px;--awb-spacing-right-large:2.88%;--awb-margin-bottom-large:0px;--awb-spacing-left-large:2.88%;--awb-width-medium:66.666666666667%;--awb-order-medium:0;--awb-spacing-right-medium:2.88%;--awb-spacing-left-medium:2.88%;--awb-width-small:100%;--awb-order-small:2;--awb-spacing-right-small:1.92%;--awb-spacing-left-small:1.92%;\"><div class=\"fusion-column-wrapper fusion-column-has-shadow fusion-flex-justify-content-flex-start fusion-content-layout-column\"><div class=\"fusion-text fusion-text-3\"><p>Con la crescita sociale ed economica aument\u00f2 anche il numero degli abitanti. Oggi, Rijeka e il suo circondario contano circa 200.000 abitanti. Parallelamente allo sviluppo industriale, Rijeka divent\u00f2 anche il centro politico e amministrativo della Croazia occidentale (Istria, Litorale croato e l\u2019area montana di Gorski kotar). All\u2019inizio degli anni \u201860 furono realizzati nuovi quartieri e rafforzati gli insediamenti periferici.\u00a0Alla fine del XX secolo Rijeka era diventata una citt\u00e0 moderna e industriale, nonch\u00e9 centro di vari progetti di sviluppo, che svolsero un ruolo importante nella crescita globale della Repubblica di Croazia. La citt\u00e0 ospita inoltre la sede dell\u2019arcidiocesi di Rijeka e Senj, della diocesi metropolita e dell&#8217;universit\u00e0.\u00a0Le aspirazioni croate ad avvicinarsi alle visioni democratiche e liberali del mondo occidentale hanno portato a cambiamenti radicali nel sistema statale e sociale. Dal 1991 la Croazia \u00e8 uno stato indipendente e sovrano. L\u2019aggressione serba, bench\u00e9 abbia influenzato la vita della citt\u00e0, non ha tuttavia coinvolto direttamente Rijeka, che pertanto \u00e8 rimasta immune dai conflitti armati della Guerra d&#8217;indipendenza croata. Le conseguenze del conflitto hanno portato alla stagnazione economica e alla deviazione della produzione in favore di materiale bellico e di approvvigionamento, destinato ai campi di battaglia dell\u2019intera Croazia.\u00a0Numerosi volontari di Rijeka si sono uniti alla battaglia. Rijeka si \u00e8 occupata dell\u2019accoglienza e della sistemazione di molti profughi provenienti da altre regioni croate. I cambiamenti democratici e la svolta in favore di un\u2019economia di mercato, hanno portato a significativi cambiamenti, tra cui la rinascita della vita politica e dei partiti, e l\u2019arrivo di investimenti di capitale privato destinati allo sviluppo economico; \u00e8 in corso la transizione della propriet\u00e0 sociale, che ha provocato un ingente numero di disoccupati. Rijeka, inoltre, \u00e8 diventata capoluogo della Regione Litoraneo-Montana.\u00a0La guerra ha stimolato la resistenza spirituale contro l\u2019aggressione; sono nate numerose istituzioni scientifiche e culturali, e sono stati raggiunti importanti successi sportivi. Certo, nessuno potr\u00e0 restituire i morti, ma la vita si rinnova e continua, come ha fatto anche negli ultimi cent&#8217;anni&#8230;<\/p>\n<\/div><\/div><\/div><\/div><\/div><div class=\"fusion-fullwidth fullwidth-box fusion-builder-row-3 fusion-flex-container has-pattern-background has-mask-background nonhundred-percent-fullwidth non-hundred-percent-height-scrolling\" style=\"--awb-border-radius-top-left:0px;--awb-border-radius-top-right:0px;--awb-border-radius-bottom-right:0px;--awb-border-radius-bottom-left:0px;--awb-margin-top:0px;--awb-flex-wrap:wrap;\" ><div class=\"fusion-builder-row fusion-row fusion-flex-align-items-flex-start fusion-flex-justify-content-center fusion-flex-content-wrap\" style=\"max-width:1414.4px;margin-left: calc(-4% \/ 2 );margin-right: calc(-4% \/ 2 );\"><div class=\"fusion-layout-column fusion_builder_column fusion-builder-column-4 fusion_builder_column_1_1 1_1 fusion-flex-column privitak_sa_ikonom id-25396\" style=\"--awb-bg-size:cover;--awb-width-large:100%;--awb-margin-top-large:0px;--awb-spacing-right-large:1.92%;--awb-margin-bottom-large:0px;--awb-spacing-left-large:1.92%;--awb-width-medium:100%;--awb-order-medium:0;--awb-spacing-right-medium:1.92%;--awb-spacing-left-medium:1.92%;--awb-width-small:100%;--awb-order-small:0;--awb-spacing-right-small:1.92%;--awb-spacing-left-small:1.92%;\"><div class=\"fusion-column-wrapper fusion-column-has-shadow fusion-flex-justify-content-flex-start fusion-content-layout-column\"><\/div><\/div><\/div><\/div><\/p>\n","protected":false},"excerpt":{"rendered":"<p>Con la crescita sociale ed economica aument\u00f2 anche il numero degli abitanti. Oggi, Rijeka e il suo circondario contano circa 200.000 abitanti. Parallelamente allo sviluppo industriale, Rijeka divent\u00f2 anche il centro politico e amministrativo della Croazia occidentale (Istria, Litorale croato e l\u2019area montana di Gorski kotar). All\u2019inizio degli anni \u201860 furono&#8230;<\/p>\n","protected":false},"author":1,"featured_media":12762,"comment_status":"closed","ping_status":"closed","sticky":false,"template":"","format":"standard","meta":{"_acf_changed":false,"inline_featured_image":false,"footnotes":""},"categories":[352],"tags":[],"class_list":["post-25396","post","type-post","status-publish","format-standard","has-post-thumbnail","hentry","category-storia"],"acf":[],"yoast_head":"<!-- This site is optimized with the Yoast SEO plugin v25.7 - https:\/\/yoast.com\/wordpress\/plugins\/seo\/ -->\n<title>Al volgere del secolo - Visit Rijeka<\/title>\n<meta name=\"robots\" content=\"index, follow, max-snippet:-1, max-image-preview:large, max-video-preview:-1\" \/>\n<link rel=\"canonical\" href=\"https:\/\/dev.visitrijeka.com.hr\/it\/al-volgere-del-secolo\/\" \/>\n<meta property=\"og:locale\" content=\"it_IT\" \/>\n<meta property=\"og:type\" content=\"article\" \/>\n<meta property=\"og:title\" content=\"Al volgere del secolo - Visit Rijeka\" \/>\n<meta property=\"og:description\" content=\"Con la crescita sociale ed economica aument\u00f2 anche il numero degli abitanti. Oggi, Rijeka e il suo circondario contano circa 200.000 abitanti. Parallelamente allo sviluppo industriale, Rijeka divent\u00f2 anche il centro politico e amministrativo della Croazia occidentale (Istria, Litorale croato e l\u2019area montana di Gorski kotar). All\u2019inizio degli anni \u201860 furono...\" \/>\n<meta property=\"og:url\" content=\"https:\/\/dev.visitrijeka.com.hr\/it\/al-volgere-del-secolo\/\" \/>\n<meta property=\"og:site_name\" content=\"Visit Rijeka\" \/>\n<meta property=\"article:publisher\" content=\"https:\/\/www.facebook.com\/VisitRijeka\" \/>\n<meta property=\"article:published_time\" content=\"2023-03-18T05:55:11+00:00\" \/>\n<meta property=\"article:modified_time\" content=\"2023-06-27T11:12:23+00:00\" \/>\n<meta property=\"og:image\" content=\"https:\/\/dev.visitrijeka.com.hr\/wp-content\/uploads\/2023\/03\/Na_prijelazu_stoljeca.jpg\" \/>\n\t<meta property=\"og:image:width\" content=\"1800\" \/>\n\t<meta property=\"og:image:height\" content=\"879\" \/>\n\t<meta property=\"og:image:type\" content=\"image\/jpeg\" \/>\n<meta name=\"author\" content=\"swebart\" \/>\n<meta name=\"twitter:card\" content=\"summary_large_image\" \/>\n<meta name=\"twitter:label1\" content=\"Scritto da\" \/>\n\t<meta name=\"twitter:data1\" content=\"swebart\" \/>\n\t<meta name=\"twitter:label2\" content=\"Tempo di lettura stimato\" \/>\n\t<meta name=\"twitter:data2\" content=\"8 minuti\" \/>\n<script type=\"application\/ld+json\" class=\"yoast-schema-graph\">{\"@context\":\"https:\/\/schema.org\",\"@graph\":[{\"@type\":\"Article\",\"@id\":\"https:\/\/dev.visitrijeka.com.hr\/it\/al-volgere-del-secolo\/#article\",\"isPartOf\":{\"@id\":\"https:\/\/dev.visitrijeka.com.hr\/it\/al-volgere-del-secolo\/\"},\"author\":{\"name\":\"swebart\",\"@id\":\"https:\/\/dev.visitrijeka.com.hr\/it\/#\/schema\/person\/e24d1df426f624179c110df6101c232e\"},\"headline\":\"Al volgere del secolo\",\"datePublished\":\"2023-03-18T05:55:11+00:00\",\"dateModified\":\"2023-06-27T11:12:23+00:00\",\"mainEntityOfPage\":{\"@id\":\"https:\/\/dev.visitrijeka.com.hr\/it\/al-volgere-del-secolo\/\"},\"wordCount\":2009,\"publisher\":{\"@id\":\"https:\/\/dev.visitrijeka.com.hr\/it\/#organization\"},\"image\":{\"@id\":\"https:\/\/dev.visitrijeka.com.hr\/it\/al-volgere-del-secolo\/#primaryimage\"},\"thumbnailUrl\":\"https:\/\/dev.visitrijeka.com.hr\/wp-content\/uploads\/2023\/03\/Na_prijelazu_stoljeca.jpg\",\"articleSection\":[\"Storia\"],\"inLanguage\":\"it-IT\"},{\"@type\":\"WebPage\",\"@id\":\"https:\/\/dev.visitrijeka.com.hr\/it\/al-volgere-del-secolo\/\",\"url\":\"https:\/\/dev.visitrijeka.com.hr\/it\/al-volgere-del-secolo\/\",\"name\":\"Al volgere del secolo - Visit Rijeka\",\"isPartOf\":{\"@id\":\"https:\/\/dev.visitrijeka.com.hr\/it\/#website\"},\"primaryImageOfPage\":{\"@id\":\"https:\/\/dev.visitrijeka.com.hr\/it\/al-volgere-del-secolo\/#primaryimage\"},\"image\":{\"@id\":\"https:\/\/dev.visitrijeka.com.hr\/it\/al-volgere-del-secolo\/#primaryimage\"},\"thumbnailUrl\":\"https:\/\/dev.visitrijeka.com.hr\/wp-content\/uploads\/2023\/03\/Na_prijelazu_stoljeca.jpg\",\"datePublished\":\"2023-03-18T05:55:11+00:00\",\"dateModified\":\"2023-06-27T11:12:23+00:00\",\"breadcrumb\":{\"@id\":\"https:\/\/dev.visitrijeka.com.hr\/it\/al-volgere-del-secolo\/#breadcrumb\"},\"inLanguage\":\"it-IT\",\"potentialAction\":[{\"@type\":\"ReadAction\",\"target\":[\"https:\/\/dev.visitrijeka.com.hr\/it\/al-volgere-del-secolo\/\"]}]},{\"@type\":\"ImageObject\",\"inLanguage\":\"it-IT\",\"@id\":\"https:\/\/dev.visitrijeka.com.hr\/it\/al-volgere-del-secolo\/#primaryimage\",\"url\":\"https:\/\/dev.visitrijeka.com.hr\/wp-content\/uploads\/2023\/03\/Na_prijelazu_stoljeca.jpg\",\"contentUrl\":\"https:\/\/dev.visitrijeka.com.hr\/wp-content\/uploads\/2023\/03\/Na_prijelazu_stoljeca.jpg\",\"width\":1800,\"height\":879},{\"@type\":\"BreadcrumbList\",\"@id\":\"https:\/\/dev.visitrijeka.com.hr\/it\/al-volgere-del-secolo\/#breadcrumb\",\"itemListElement\":[{\"@type\":\"ListItem\",\"position\":1,\"name\":\"Po\u010detna stranica\",\"item\":\"https:\/\/dev.visitrijeka.com.hr\/rijeka-advent-home\/\"},{\"@type\":\"ListItem\",\"position\":2,\"name\":\"ESPLORA\",\"item\":\"https:\/\/dev.visitrijeka.com.hr\/it\/category\/esplora\/\"},{\"@type\":\"ListItem\",\"position\":3,\"name\":\"Storia\",\"item\":\"https:\/\/dev.visitrijeka.com.hr\/it\/category\/esplora\/storia\/\"},{\"@type\":\"ListItem\",\"position\":4,\"name\":\"Al volgere del secolo\"}]},{\"@type\":\"WebSite\",\"@id\":\"https:\/\/dev.visitrijeka.com.hr\/it\/#website\",\"url\":\"https:\/\/dev.visitrijeka.com.hr\/it\/\",\"name\":\"Visit Rijeka\",\"description\":\"Grad koji te\u010de....\",\"publisher\":{\"@id\":\"https:\/\/dev.visitrijeka.com.hr\/it\/#organization\"},\"potentialAction\":[{\"@type\":\"SearchAction\",\"target\":{\"@type\":\"EntryPoint\",\"urlTemplate\":\"https:\/\/dev.visitrijeka.com.hr\/it\/?s={search_term_string}\"},\"query-input\":{\"@type\":\"PropertyValueSpecification\",\"valueRequired\":true,\"valueName\":\"search_term_string\"}}],\"inLanguage\":\"it-IT\"},{\"@type\":\"Organization\",\"@id\":\"https:\/\/dev.visitrijeka.com.hr\/it\/#organization\",\"name\":\"Visit Rijeka\",\"url\":\"https:\/\/dev.visitrijeka.com.hr\/it\/\",\"logo\":{\"@type\":\"ImageObject\",\"inLanguage\":\"it-IT\",\"@id\":\"https:\/\/dev.visitrijeka.com.hr\/it\/#\/schema\/logo\/image\/\",\"url\":\"https:\/\/dev.visitrijeka.com.hr\/wp-content\/uploads\/2023\/02\/Logo_Visit_rijeka_460.svg\",\"contentUrl\":\"https:\/\/dev.visitrijeka.com.hr\/wp-content\/uploads\/2023\/02\/Logo_Visit_rijeka_460.svg\",\"width\":100,\"height\":100,\"caption\":\"Visit Rijeka\"},\"image\":{\"@id\":\"https:\/\/dev.visitrijeka.com.hr\/it\/#\/schema\/logo\/image\/\"},\"sameAs\":[\"https:\/\/www.facebook.com\/VisitRijeka\"]},{\"@type\":\"Person\",\"@id\":\"https:\/\/dev.visitrijeka.com.hr\/it\/#\/schema\/person\/e24d1df426f624179c110df6101c232e\",\"name\":\"swebart\",\"sameAs\":[\"https:\/\/dev.visitrijeka.com.hr\"]}]}<\/script>\n<!-- \/ Yoast SEO plugin. -->","yoast_head_json":{"title":"Al volgere del secolo - Visit Rijeka","robots":{"index":"index","follow":"follow","max-snippet":"max-snippet:-1","max-image-preview":"max-image-preview:large","max-video-preview":"max-video-preview:-1"},"canonical":"https:\/\/dev.visitrijeka.com.hr\/it\/al-volgere-del-secolo\/","og_locale":"it_IT","og_type":"article","og_title":"Al volgere del secolo - Visit Rijeka","og_description":"Con la crescita sociale ed economica aument\u00f2 anche il numero degli abitanti. Oggi, Rijeka e il suo circondario contano circa 200.000 abitanti. Parallelamente allo sviluppo industriale, Rijeka divent\u00f2 anche il centro politico e amministrativo della Croazia occidentale (Istria, Litorale croato e l\u2019area montana di Gorski kotar). All\u2019inizio degli anni \u201860 furono...","og_url":"https:\/\/dev.visitrijeka.com.hr\/it\/al-volgere-del-secolo\/","og_site_name":"Visit Rijeka","article_publisher":"https:\/\/www.facebook.com\/VisitRijeka","article_published_time":"2023-03-18T05:55:11+00:00","article_modified_time":"2023-06-27T11:12:23+00:00","og_image":[{"width":1800,"height":879,"url":"https:\/\/dev.visitrijeka.com.hr\/wp-content\/uploads\/2023\/03\/Na_prijelazu_stoljeca.jpg","type":"image\/jpeg"}],"author":"swebart","twitter_card":"summary_large_image","twitter_misc":{"Scritto da":"swebart","Tempo di lettura stimato":"8 minuti"},"schema":{"@context":"https:\/\/schema.org","@graph":[{"@type":"Article","@id":"https:\/\/dev.visitrijeka.com.hr\/it\/al-volgere-del-secolo\/#article","isPartOf":{"@id":"https:\/\/dev.visitrijeka.com.hr\/it\/al-volgere-del-secolo\/"},"author":{"name":"swebart","@id":"https:\/\/dev.visitrijeka.com.hr\/it\/#\/schema\/person\/e24d1df426f624179c110df6101c232e"},"headline":"Al volgere del secolo","datePublished":"2023-03-18T05:55:11+00:00","dateModified":"2023-06-27T11:12:23+00:00","mainEntityOfPage":{"@id":"https:\/\/dev.visitrijeka.com.hr\/it\/al-volgere-del-secolo\/"},"wordCount":2009,"publisher":{"@id":"https:\/\/dev.visitrijeka.com.hr\/it\/#organization"},"image":{"@id":"https:\/\/dev.visitrijeka.com.hr\/it\/al-volgere-del-secolo\/#primaryimage"},"thumbnailUrl":"https:\/\/dev.visitrijeka.com.hr\/wp-content\/uploads\/2023\/03\/Na_prijelazu_stoljeca.jpg","articleSection":["Storia"],"inLanguage":"it-IT"},{"@type":"WebPage","@id":"https:\/\/dev.visitrijeka.com.hr\/it\/al-volgere-del-secolo\/","url":"https:\/\/dev.visitrijeka.com.hr\/it\/al-volgere-del-secolo\/","name":"Al volgere del secolo - Visit Rijeka","isPartOf":{"@id":"https:\/\/dev.visitrijeka.com.hr\/it\/#website"},"primaryImageOfPage":{"@id":"https:\/\/dev.visitrijeka.com.hr\/it\/al-volgere-del-secolo\/#primaryimage"},"image":{"@id":"https:\/\/dev.visitrijeka.com.hr\/it\/al-volgere-del-secolo\/#primaryimage"},"thumbnailUrl":"https:\/\/dev.visitrijeka.com.hr\/wp-content\/uploads\/2023\/03\/Na_prijelazu_stoljeca.jpg","datePublished":"2023-03-18T05:55:11+00:00","dateModified":"2023-06-27T11:12:23+00:00","breadcrumb":{"@id":"https:\/\/dev.visitrijeka.com.hr\/it\/al-volgere-del-secolo\/#breadcrumb"},"inLanguage":"it-IT","potentialAction":[{"@type":"ReadAction","target":["https:\/\/dev.visitrijeka.com.hr\/it\/al-volgere-del-secolo\/"]}]},{"@type":"ImageObject","inLanguage":"it-IT","@id":"https:\/\/dev.visitrijeka.com.hr\/it\/al-volgere-del-secolo\/#primaryimage","url":"https:\/\/dev.visitrijeka.com.hr\/wp-content\/uploads\/2023\/03\/Na_prijelazu_stoljeca.jpg","contentUrl":"https:\/\/dev.visitrijeka.com.hr\/wp-content\/uploads\/2023\/03\/Na_prijelazu_stoljeca.jpg","width":1800,"height":879},{"@type":"BreadcrumbList","@id":"https:\/\/dev.visitrijeka.com.hr\/it\/al-volgere-del-secolo\/#breadcrumb","itemListElement":[{"@type":"ListItem","position":1,"name":"Po\u010detna stranica","item":"https:\/\/dev.visitrijeka.com.hr\/rijeka-advent-home\/"},{"@type":"ListItem","position":2,"name":"ESPLORA","item":"https:\/\/dev.visitrijeka.com.hr\/it\/category\/esplora\/"},{"@type":"ListItem","position":3,"name":"Storia","item":"https:\/\/dev.visitrijeka.com.hr\/it\/category\/esplora\/storia\/"},{"@type":"ListItem","position":4,"name":"Al volgere del secolo"}]},{"@type":"WebSite","@id":"https:\/\/dev.visitrijeka.com.hr\/it\/#website","url":"https:\/\/dev.visitrijeka.com.hr\/it\/","name":"Visit Rijeka","description":"Grad koji te\u010de....","publisher":{"@id":"https:\/\/dev.visitrijeka.com.hr\/it\/#organization"},"potentialAction":[{"@type":"SearchAction","target":{"@type":"EntryPoint","urlTemplate":"https:\/\/dev.visitrijeka.com.hr\/it\/?s={search_term_string}"},"query-input":{"@type":"PropertyValueSpecification","valueRequired":true,"valueName":"search_term_string"}}],"inLanguage":"it-IT"},{"@type":"Organization","@id":"https:\/\/dev.visitrijeka.com.hr\/it\/#organization","name":"Visit Rijeka","url":"https:\/\/dev.visitrijeka.com.hr\/it\/","logo":{"@type":"ImageObject","inLanguage":"it-IT","@id":"https:\/\/dev.visitrijeka.com.hr\/it\/#\/schema\/logo\/image\/","url":"https:\/\/dev.visitrijeka.com.hr\/wp-content\/uploads\/2023\/02\/Logo_Visit_rijeka_460.svg","contentUrl":"https:\/\/dev.visitrijeka.com.hr\/wp-content\/uploads\/2023\/02\/Logo_Visit_rijeka_460.svg","width":100,"height":100,"caption":"Visit Rijeka"},"image":{"@id":"https:\/\/dev.visitrijeka.com.hr\/it\/#\/schema\/logo\/image\/"},"sameAs":["https:\/\/www.facebook.com\/VisitRijeka"]},{"@type":"Person","@id":"https:\/\/dev.visitrijeka.com.hr\/it\/#\/schema\/person\/e24d1df426f624179c110df6101c232e","name":"swebart","sameAs":["https:\/\/dev.visitrijeka.com.hr"]}]}},"_links":{"self":[{"href":"https:\/\/dev.visitrijeka.com.hr\/it\/wp-json\/wp\/v2\/posts\/25396","targetHints":{"allow":["GET"]}}],"collection":[{"href":"https:\/\/dev.visitrijeka.com.hr\/it\/wp-json\/wp\/v2\/posts"}],"about":[{"href":"https:\/\/dev.visitrijeka.com.hr\/it\/wp-json\/wp\/v2\/types\/post"}],"author":[{"embeddable":true,"href":"https:\/\/dev.visitrijeka.com.hr\/it\/wp-json\/wp\/v2\/users\/1"}],"replies":[{"embeddable":true,"href":"https:\/\/dev.visitrijeka.com.hr\/it\/wp-json\/wp\/v2\/comments?post=25396"}],"version-history":[{"count":3,"href":"https:\/\/dev.visitrijeka.com.hr\/it\/wp-json\/wp\/v2\/posts\/25396\/revisions"}],"predecessor-version":[{"id":25413,"href":"https:\/\/dev.visitrijeka.com.hr\/it\/wp-json\/wp\/v2\/posts\/25396\/revisions\/25413"}],"wp:featuredmedia":[{"embeddable":true,"href":"https:\/\/dev.visitrijeka.com.hr\/it\/wp-json\/wp\/v2\/media\/12762"}],"wp:attachment":[{"href":"https:\/\/dev.visitrijeka.com.hr\/it\/wp-json\/wp\/v2\/media?parent=25396"}],"wp:term":[{"taxonomy":"category","embeddable":true,"href":"https:\/\/dev.visitrijeka.com.hr\/it\/wp-json\/wp\/v2\/categories?post=25396"},{"taxonomy":"post_tag","embeddable":true,"href":"https:\/\/dev.visitrijeka.com.hr\/it\/wp-json\/wp\/v2\/tags?post=25396"}],"curies":[{"name":"wp","href":"https:\/\/api.w.org\/{rel}","templated":true}]}}